{"id":124900,"date":"2021-08-23T08:09:35","date_gmt":"2021-08-23T12:09:35","guid":{"rendered":"https:\/\/linitiative.ca\/International\/le-discours-royal-porteur-dune-vision-pour-traiter-les-grands-enjeux-du-maroc\/"},"modified":"2021-08-23T08:09:35","modified_gmt":"2021-08-23T12:09:35","slug":"le-discours-royal-porteur-dune-vision-pour-traiter-les-grands-enjeux-du-maroc","status":"publish","type":"post","link":"https:\/\/linitiative.ca\/International\/le-discours-royal-porteur-dune-vision-pour-traiter-les-grands-enjeux-du-maroc\/","title":{"rendered":"Le Discours royal, porteur d\u2019une vision pour traiter les grands enjeux du Maroc"},"content":{"rendered":"<div>\n<div style=\"margin-bottom:20px;\"><img loading=\"lazy\" decoding=\"async\" width=\"750\" height=\"430\" src=\"https:\/\/linitiative.ca\/International\/wp-content\/uploads\/sites\/23\/2021\/08\/drapeau-2222-11-1.jpg\" class=\"attachment-post-thumbnail size-post-thumbnail wp-post-image\" alt=\"\" srcset=\"https:\/\/linitiative.ca\/International\/wp-content\/uploads\/sites\/23\/2021\/08\/drapeau-2222-11-1.jpg 750w, http:\/\/www.mapoujda.ma\/map\/uploads\/2021\/08\/drapeau-2222-11-300x172.jpg 300w\" sizes=\"auto, (max-width: 750px) 100vw, 750px\"><\/div>\n<div>\n<p style=\"text-align: justify;\">Le discours prononc\u00e9 par SM le Roi Mohammed VI \u00e0 l\u2019occasion du 68\u00e8me anniversaire de la R\u00e9volution du Roi et du Peuple, est porteur d\u2019une vision pour traiter les grands enjeux int\u00e9rieurs et ext\u00e9rieurs du Maroc, a estim\u00e9 Mohamed Serghini, professeur chercheur \u00e0 l\u2019universit\u00e9 Mohammed Premier d\u2019Oujda.<\/p>\n<p style=\"text-align: justify;\">Dans une d\u00e9claration \u00e0 la MAP, M. Serghini a soulign\u00e9 que le discours de SM le Roi a abord\u00e9 les \u00e9lections du 8 septembre prochain, en tant qu\u2019\u00e9tape pour la consolidation de l\u2019\u00e9difice d\u00e9mocratique et la mise en place d\u2019institutions avanc\u00e9es, dans la perspective de la mise en \u0153uvre du nouveau mod\u00e8le de d\u00e9veloppement et de la nouvelle vision de la Charte nationale pour le d\u00e9veloppement.<\/p>\n<p style=\"text-align: justify;\">Les prochaines \u00e9ch\u00e9ances \u00e9lectorales sont ainsi un moment historique qui r\u00e9affirme l\u2019enracinement de la pratique politique et la maturit\u00e9 de l\u2019\u00e9difice politique du Maroc, de m\u00eame qu\u2019elles concernent l\u2019avenir du d\u00e9veloppement continu du Royaume sur les plans politique et \u00e9conomique, a-t-il relev\u00e9.<\/p>\n<p style=\"text-align: justify;\">L\u2019acad\u00e9micien a not\u00e9 aussi que le discours royal a mis la lumi\u00e8re sur les attaques qui visent le Maroc, un Royaume riche d\u2019une histoire de plus de 12 si\u00e8cles, ajoutant que ces complots, qui usent de tous les moyens pour faire impliquer le Maroc dans des probl\u00e8mes et conflits avec d\u2019autres pays, trouvent leurs explications dans la stabilit\u00e9 et la s\u00e9curit\u00e9 dans jouit le Royaume, ce qui n\u2019est pas du go\u00fbt de certains ennemis.<\/p>\n<p style=\"text-align: justify;\">Le discours royal a clairement affirm\u00e9 que le Maroc a chang\u00e9 et qu\u2019il continuera \u00e0 renforcer ses relations avec ses partenaires traditionnels et nouveaux selon des \u00e9quations g\u00e9ostrat\u00e9giques renouvel\u00e9es et suivant une nouvelle mentalit\u00e9 mettant fin avec l\u2019optique colonialiste d\u00e9su\u00e8te, a estim\u00e9 M. Serghini.<\/p>\n<p style=\"text-align: justify;\">Le Souverain a \u00e9galement r\u00e9affirm\u00e9 que le Maroc est capable de g\u00e9rer ses potentiels et utiliser ses ressources et \u00e9nergies au service de sa population, sans se soumettre \u00e0 aucune tutelle \u00e9trang\u00e8re et aux pressions des rapports et recommandations \u00e9manant d\u2019organisations hostiles au Maroc, a pr\u00e9cis\u00e9 l\u2019universitaire.<\/p>\n<p style=\"text-align: justify;\">Concernant les relations maroco-espagnoles, qui ont travers\u00e9 r\u00e9cemment une crise in\u00e9dite, M. Serghini a not\u00e9 que le discours royal a mis l\u2019accent sur la poursuite de l\u2019action commune pour inaugurer une nouvelle \u00e9tape dans les relations bilat\u00e9rales, fond\u00e9e sur la confiance, la transparence, le respect mutuel et le respect des engagements.<\/p>\n<\/div>\n<p>L\u2019article <a rel=\"nofollow\" href=\"http:\/\/www.mapoujda.ma\/fr\/le-discours-royal-porteur-dune-vision-pour-traiter-les-grands-enjeux-du-maroc\/\">Le Discours royal, porteur d\u2019une vision pour traiter les grands enjeux du Maroc<\/a> est apparu en premier sur <a rel=\"nofollow\" href=\"http:\/\/www.mapoujda.ma\/fr\">MapOujda<\/a>.<\/p>\n<\/div>\n<p>Auteur: Soufiane ELAHMAR<br \/>\n<a href=\"http:\/\/www.mapoujda.ma\/fr\/le-discours-royal-porteur-dune-vision-pour-traiter-les-grands-enjeux-du-maroc\/\">Cliquez ici pour lire l&rsquo;article depuis sa source.<\/a><\/p>\n","protected":false},"excerpt":{"rendered":"<p>Le discours prononc\u00e9 par SM le Roi Mohammed VI \u00e0 l\u2019occasion du 68\u00e8me anniversaire de la R\u00e9volution du Roi et du Peuple, est porteur d\u2019une vision pour traiter les grands enjeux int\u00e9rieurs et ext\u00e9rieurs du Maroc, a estim\u00e9 Mohamed Serghini, professeur chercheur \u00e0 l\u2019universit\u00e9 Mohammed Premier d\u2019Oujda. Dans une d\u00e9claration \u00e0 la MAP, M. Serghini [&hellip;]<\/p>\n","protected":false},"author":1788,"featured_media":0,"comment_status":"closed","ping_status":"closed","sticky":false,"template":"","format":"standard","meta":{"fifu_image_url":"http:\/\/www.mapoujda.ma\/map\/uploads\/2021\/08\/drapeau-2222-11.jpg","fifu_image_alt":"Le Discours royal, porteur d\u2019une vision pour traiter les grands enjeux du Maroc","footnotes":""},"categories":[54,76],"tags":[],"class_list":["post-124900","post","type-post","status-publish","format-standard","hentry","category-maroc","category-regions"],"_links":{"self":[{"href":"https:\/\/linitiative.ca\/International\/wp-json\/wp\/v2\/posts\/124900","targetHints":{"allow":["GET"]}}],"collection":[{"href":"https:\/\/linitiative.ca\/International\/wp-json\/wp\/v2\/posts"}],"about":[{"href":"https:\/\/linitiative.ca\/International\/wp-json\/wp\/v2\/types\/post"}],"author":[{"embeddable":true,"href":"https:\/\/linitiative.ca\/International\/wp-json\/wp\/v2\/users\/1788"}],"replies":[{"embeddable":true,"href":"https:\/\/linitiative.ca\/International\/wp-json\/wp\/v2\/comments?post=124900"}],"version-history":[{"count":0,"href":"https:\/\/linitiative.ca\/International\/wp-json\/wp\/v2\/posts\/124900\/revisions"}],"wp:attachment":[{"href":"https:\/\/linitiative.ca\/International\/wp-json\/wp\/v2\/media?parent=124900"}],"wp:term":[{"taxonomy":"category","embeddable":true,"href":"https:\/\/linitiative.ca\/International\/wp-json\/wp\/v2\/categories?post=124900"},{"taxonomy":"post_tag","embeddable":true,"href":"https:\/\/linitiative.ca\/International\/wp-json\/wp\/v2\/tags?post=124900"}],"curies":[{"name":"wp","href":"https:\/\/api.w.org\/{rel}","templated":true}]}}