{"id":124902,"date":"2021-08-23T12:08:25","date_gmt":"2021-08-23T16:08:25","guid":{"rendered":"https:\/\/linitiative.ca\/International\/covid-19-letat-durgence-sanitaire-prolonge-jusquau-31-octobre-2021\/"},"modified":"2021-08-23T12:08:25","modified_gmt":"2021-08-23T16:08:25","slug":"covid-19-letat-durgence-sanitaire-prolonge-jusquau-31-octobre-2021","status":"publish","type":"post","link":"https:\/\/linitiative.ca\/International\/covid-19-letat-durgence-sanitaire-prolonge-jusquau-31-octobre-2021\/","title":{"rendered":"Covid-19: L\u2019\u00e9tat d\u2019urgence sanitaire prolong\u00e9 jusqu\u2019au 31 octobre 2021"},"content":{"rendered":"<div>\n<div style=\"margin-bottom:20px;\"><img loading=\"lazy\" decoding=\"async\" width=\"750\" height=\"430\" src=\"https:\/\/linitiative.ca\/International\/wp-content\/uploads\/sites\/23\/2021\/08\/La-Police-contrC3B4le-lC3A9tablissement-du-couvre-feu-M750C397430-MAP.jpg\" class=\"attachment-post-thumbnail size-post-thumbnail wp-post-image\" alt=\"\" srcset=\"https:\/\/linitiative.ca\/International\/wp-content\/uploads\/sites\/23\/2021\/08\/La-Police-contrC3B4le-lC3A9tablissement-du-couvre-feu-M750C397430-MAP.jpg 750w, http:\/\/www.mapoujda.ma\/map\/uploads\/2020\/11\/La-Police-contr\u00f4le-l\u00e9tablissement-du-couvre-feu-M750\u00d7430-MAP-300x172.jpg 300w\" sizes=\"auto, (max-width: 750px) 100vw, 750px\"><\/div>\n<p style=\"text-align: justify;\">Le Conseil de gouvernement, r\u00e9uni lundi \u00e0 Rabat, a d\u00e9cid\u00e9 de prolonger l\u2019\u00e9tat d\u2019urgence sanitaire sur l\u2019ensemble du territoire national jusqu\u2019au 31 octobre 2021.<\/p>\n<p style=\"text-align: justify;\">Cette mesure s\u2019inscrit dans le cadre des efforts de lutte contre la propagation de la pand\u00e9mie du nouveau coronavirus (Covid-19).<\/p>\n<p>L\u2019article <a rel=\"nofollow\" href=\"http:\/\/www.mapoujda.ma\/fr\/covid-19-letat-durgence-sanitaire-prolonge-jusquau-31-octobre-2021\/\">Covid-19: L\u2019\u00e9tat d\u2019urgence sanitaire prolong\u00e9 jusqu\u2019au 31 octobre 2021<\/a> est apparu en premier sur <a rel=\"nofollow\" href=\"http:\/\/www.mapoujda.ma\/fr\">MapOujda<\/a>.<\/p>\n<\/div>\n<p>Auteur: Soufiane ELAHMAR<br \/>\n<a href=\"http:\/\/www.mapoujda.ma\/fr\/covid-19-letat-durgence-sanitaire-prolonge-jusquau-31-octobre-2021\/\">Cliquez ici pour lire l&rsquo;article depuis sa source.<\/a><\/p>\n","protected":false},"excerpt":{"rendered":"<p>Le Conseil de gouvernement, r\u00e9uni lundi \u00e0 Rabat, a d\u00e9cid\u00e9 de prolonger l\u2019\u00e9tat d\u2019urgence sanitaire sur l\u2019ensemble du territoire national jusqu\u2019au 31 octobre 2021. Cette mesure s\u2019inscrit dans le cadre des efforts de lutte contre la propagation de la pand\u00e9mie du nouveau coronavirus (Covid-19). L\u2019article Covid-19: L\u2019\u00e9tat d\u2019urgence sanitaire prolong\u00e9 jusqu\u2019au 31 octobre 2021 est [&hellip;]<\/p>\n","protected":false},"author":1788,"featured_media":0,"comment_status":"closed","ping_status":"closed","sticky":false,"template":"","format":"standard","meta":{"fifu_image_url":"http:\/\/www.mapoujda.ma\/map\/uploads\/2020\/11\/La-Police-contr\u00f4le-l\u00e9tablissement-du-couvre-feu-M750\u00d7430-MAP.jpg","fifu_image_alt":"Covid-19: L\u2019\u00e9tat d\u2019urgence sanitaire prolong\u00e9 jusqu\u2019au 31 octobre 2021","footnotes":""},"categories":[54,76],"tags":[],"class_list":["post-124902","post","type-post","status-publish","format-standard","hentry","category-maroc","category-regions"],"_links":{"self":[{"href":"https:\/\/linitiative.ca\/International\/wp-json\/wp\/v2\/posts\/124902","targetHints":{"allow":["GET"]}}],"collection":[{"href":"https:\/\/linitiative.ca\/International\/wp-json\/wp\/v2\/posts"}],"about":[{"href":"https:\/\/linitiative.ca\/International\/wp-json\/wp\/v2\/types\/post"}],"author":[{"embeddable":true,"href":"https:\/\/linitiative.ca\/International\/wp-json\/wp\/v2\/users\/1788"}],"replies":[{"embeddable":true,"href":"https:\/\/linitiative.ca\/International\/wp-json\/wp\/v2\/comments?post=124902"}],"version-history":[{"count":0,"href":"https:\/\/linitiative.ca\/International\/wp-json\/wp\/v2\/posts\/124902\/revisions"}],"wp:attachment":[{"href":"https:\/\/linitiative.ca\/International\/wp-json\/wp\/v2\/media?parent=124902"}],"wp:term":[{"taxonomy":"category","embeddable":true,"href":"https:\/\/linitiative.ca\/International\/wp-json\/wp\/v2\/categories?post=124902"},{"taxonomy":"post_tag","embeddable":true,"href":"https:\/\/linitiative.ca\/International\/wp-json\/wp\/v2\/tags?post=124902"}],"curies":[{"name":"wp","href":"https:\/\/api.w.org\/{rel}","templated":true}]}}