{"id":124908,"date":"2021-08-23T12:55:59","date_gmt":"2021-08-23T16:55:59","guid":{"rendered":"https:\/\/linitiative.ca\/International\/tests-covid19-les-pharmaciens-exclus\/"},"modified":"2021-08-23T12:55:59","modified_gmt":"2021-08-23T16:55:59","slug":"tests-covid19-les-pharmaciens-exclus","status":"publish","type":"post","link":"https:\/\/linitiative.ca\/International\/tests-covid19-les-pharmaciens-exclus\/","title":{"rendered":"Tests Covid19: Les pharmaciens exclus"},"content":{"rendered":"<div>\n<div class=\"field field-name-body field-type-text-with-summary field-label-hidden\">\n<div class=\"field-items\">\n<div class=\"field-item even\" property=\"content:encoded\">\n<p class=\"rtejustify\">Le minist\u00e8re de la Sant\u00e9 vient de d\u00e9voiler le nouveau cahier des charges pour les laboratoires, cliniques et cabinets m\u00e9dicaux qui souhaitent participer au d\u00e9pistage Covid19 par les tests antig\u00e9niques nasopharyng\u00e9s et s\u00e9rologiques.<\/p>\n<\/div>\n<\/div>\n<\/div>\n<\/div>\n<p>Auteur: hgueye<br \/>\n<a href=\"https:\/\/www.leconomiste.com\/flash-infos\/tests-covid19-les-pharmaciens-exclus\">Cliquez ici pour lire l&rsquo;article depuis sa source.<\/a><\/p>\n","protected":false},"excerpt":{"rendered":"<p>Le minist\u00e8re de la Sant\u00e9 vient de d\u00e9voiler le nouveau cahier des charges pour les laboratoires, cliniques et cabinets m\u00e9dicaux qui souhaitent participer au d\u00e9pistage Covid19 par les tests antig\u00e9niques nasopharyng\u00e9s et s\u00e9rologiques. Auteur: hgueye Cliquez ici pour lire l&rsquo;article depuis sa source.<\/p>\n","protected":false},"author":1763,"featured_media":0,"comment_status":"closed","ping_status":"closed","sticky":false,"template":"","format":"standard","meta":{"fifu_image_url":"","fifu_image_alt":"","footnotes":""},"categories":[78,54],"tags":[],"class_list":["post-124908","post","type-post","status-publish","format-standard","hentry","category-economie","category-maroc"],"_links":{"self":[{"href":"https:\/\/linitiative.ca\/International\/wp-json\/wp\/v2\/posts\/124908","targetHints":{"allow":["GET"]}}],"collection":[{"href":"https:\/\/linitiative.ca\/International\/wp-json\/wp\/v2\/posts"}],"about":[{"href":"https:\/\/linitiative.ca\/International\/wp-json\/wp\/v2\/types\/post"}],"author":[{"embeddable":true,"href":"https:\/\/linitiative.ca\/International\/wp-json\/wp\/v2\/users\/1763"}],"replies":[{"embeddable":true,"href":"https:\/\/linitiative.ca\/International\/wp-json\/wp\/v2\/comments?post=124908"}],"version-history":[{"count":0,"href":"https:\/\/linitiative.ca\/International\/wp-json\/wp\/v2\/posts\/124908\/revisions"}],"wp:attachment":[{"href":"https:\/\/linitiative.ca\/International\/wp-json\/wp\/v2\/media?parent=124908"}],"wp:term":[{"taxonomy":"category","embeddable":true,"href":"https:\/\/linitiative.ca\/International\/wp-json\/wp\/v2\/categories?post=124908"},{"taxonomy":"post_tag","embeddable":true,"href":"https:\/\/linitiative.ca\/International\/wp-json\/wp\/v2\/tags?post=124908"}],"curies":[{"name":"wp","href":"https:\/\/api.w.org\/{rel}","templated":true}]}}