{"id":124910,"date":"2021-08-23T14:28:26","date_gmt":"2021-08-23T18:28:26","guid":{"rendered":"https:\/\/linitiative.ca\/International\/anapec-un-nouveau-directeur-nomme\/"},"modified":"2021-08-23T14:28:26","modified_gmt":"2021-08-23T18:28:26","slug":"anapec-un-nouveau-directeur-nomme","status":"publish","type":"post","link":"https:\/\/linitiative.ca\/International\/anapec-un-nouveau-directeur-nomme\/","title":{"rendered":"Anapec: Un nouveau directeur nomm\u00e9"},"content":{"rendered":"<div>\n<div class=\"field field-name-body field-type-text-with-summary field-label-hidden\">\n<div class=\"field-items\">\n<div class=\"field-item even\" property=\"content:encoded\">\n<p class=\"rtejustify\">Mohamed Achik a \u00e9t\u00e9 nomm\u00e9 au poste du directeur de l\u2019Agence nationale de promotion de l&#8217;emploi et des comp\u00e9tences (Anapec), relevant du minist\u00e8re du Travail et de l&rsquo;insertion professionnelle. Sa nomination a \u00e9t\u00e9 annonc\u00e9e \u00e0 l&rsquo;issue du Conseil du gouvernement.<\/p>\n<\/div>\n<\/div>\n<\/div>\n<\/div>\n<p>Auteur: hgueye<br \/>\n<a href=\"https:\/\/www.leconomiste.com\/flash-infos\/anapec-un-nouveau-directeur-nomme\">Cliquez ici pour lire l&rsquo;article depuis sa source.<\/a><\/p>\n","protected":false},"excerpt":{"rendered":"<p>Mohamed Achik a \u00e9t\u00e9 nomm\u00e9 au poste du directeur de l\u2019Agence nationale de promotion de l&#8217;emploi et des comp\u00e9tences (Anapec), relevant du minist\u00e8re du Travail et de l&rsquo;insertion professionnelle. Sa nomination a \u00e9t\u00e9 annonc\u00e9e \u00e0 l&rsquo;issue du Conseil du gouvernement. Auteur: hgueye Cliquez ici pour lire l&rsquo;article depuis sa source.<\/p>\n","protected":false},"author":1763,"featured_media":0,"comment_status":"closed","ping_status":"closed","sticky":false,"template":"","format":"standard","meta":{"fifu_image_url":"","fifu_image_alt":"","footnotes":""},"categories":[78,54],"tags":[],"class_list":["post-124910","post","type-post","status-publish","format-standard","hentry","category-economie","category-maroc"],"_links":{"self":[{"href":"https:\/\/linitiative.ca\/International\/wp-json\/wp\/v2\/posts\/124910","targetHints":{"allow":["GET"]}}],"collection":[{"href":"https:\/\/linitiative.ca\/International\/wp-json\/wp\/v2\/posts"}],"about":[{"href":"https:\/\/linitiative.ca\/International\/wp-json\/wp\/v2\/types\/post"}],"author":[{"embeddable":true,"href":"https:\/\/linitiative.ca\/International\/wp-json\/wp\/v2\/users\/1763"}],"replies":[{"embeddable":true,"href":"https:\/\/linitiative.ca\/International\/wp-json\/wp\/v2\/comments?post=124910"}],"version-history":[{"count":0,"href":"https:\/\/linitiative.ca\/International\/wp-json\/wp\/v2\/posts\/124910\/revisions"}],"wp:attachment":[{"href":"https:\/\/linitiative.ca\/International\/wp-json\/wp\/v2\/media?parent=124910"}],"wp:term":[{"taxonomy":"category","embeddable":true,"href":"https:\/\/linitiative.ca\/International\/wp-json\/wp\/v2\/categories?post=124910"},{"taxonomy":"post_tag","embeddable":true,"href":"https:\/\/linitiative.ca\/International\/wp-json\/wp\/v2\/tags?post=124910"}],"curies":[{"name":"wp","href":"https:\/\/api.w.org\/{rel}","templated":true}]}}