{"id":124912,"date":"2021-08-23T14:50:00","date_gmt":"2021-08-23T18:50:00","guid":{"rendered":"https:\/\/linitiative.ca\/International\/regulation-des-activites-liees-au-cannabis-lagence-nationale-mise-sur-pied\/"},"modified":"2021-08-23T14:50:00","modified_gmt":"2021-08-23T18:50:00","slug":"regulation-des-activites-liees-au-cannabis-lagence-nationale-mise-sur-pied","status":"publish","type":"post","link":"https:\/\/linitiative.ca\/International\/regulation-des-activites-liees-au-cannabis-lagence-nationale-mise-sur-pied\/","title":{"rendered":"R\u00e9gulation des activit\u00e9s li\u00e9es au cannabis: L&rsquo;Agence nationale mise sur pied"},"content":{"rendered":"<div>\n<div class=\"field field-name-body field-type-text-with-summary field-label-hidden\">\n<div class=\"field-items\">\n<div class=\"field-item even\" property=\"content:encoded\">\n<p class=\"rtejustify\">Le conseil de gouvernement a adopt\u00e9 le projet de d\u00e9cret no\u00b0 2.21.642 portant application des articles 32 et 35 de la loi n\u00b0 13.21 relative \u00e0 l&rsquo;usage licite du cannabis. Un communiqu\u00e9 publi\u00e9 \u00e0 l\u2019issue du Conseil\u00a0indique qu\u2019apr\u00e8s l\u2019adoption de la loi pr\u00e9cit\u00e9e et sa publication au bulletin officiel (NO 7006, en date du 22 juillet 2021) l\u00e9galisant les diff\u00e9rentes activit\u00e9s li\u00e9es au cannabis, l\u2019Agence nationale de r\u00e9gulation des activit\u00e9s li\u00e9es au cannabis a \u00e9t\u00e9 mise sur pied conform\u00e9ment \u00e0 cette loi notamment son article 31.<\/p>\n<\/div>\n<\/div>\n<\/div>\n<\/div>\n<p>Auteur: hgueye<br \/>\n<a href=\"https:\/\/www.leconomiste.com\/flash-infos\/regulation-des-activites-liees-au-cannabis-l-agence-nationale-mise-sur-pied\">Cliquez ici pour lire l&rsquo;article depuis sa source.<\/a><\/p>\n","protected":false},"excerpt":{"rendered":"<p>Le conseil de gouvernement a adopt\u00e9 le projet de d\u00e9cret no\u00b0 2.21.642 portant application des articles 32 et 35 de la loi n\u00b0 13.21 relative \u00e0 l&rsquo;usage licite du cannabis. Un communiqu\u00e9 publi\u00e9 \u00e0 l\u2019issue du Conseil\u00a0indique qu\u2019apr\u00e8s l\u2019adoption de la loi pr\u00e9cit\u00e9e et sa publication au bulletin officiel (NO 7006, en date du 22 [&hellip;]<\/p>\n","protected":false},"author":1763,"featured_media":0,"comment_status":"closed","ping_status":"closed","sticky":false,"template":"","format":"standard","meta":{"fifu_image_url":"","fifu_image_alt":"","footnotes":""},"categories":[78,54],"tags":[],"class_list":["post-124912","post","type-post","status-publish","format-standard","hentry","category-economie","category-maroc"],"_links":{"self":[{"href":"https:\/\/linitiative.ca\/International\/wp-json\/wp\/v2\/posts\/124912","targetHints":{"allow":["GET"]}}],"collection":[{"href":"https:\/\/linitiative.ca\/International\/wp-json\/wp\/v2\/posts"}],"about":[{"href":"https:\/\/linitiative.ca\/International\/wp-json\/wp\/v2\/types\/post"}],"author":[{"embeddable":true,"href":"https:\/\/linitiative.ca\/International\/wp-json\/wp\/v2\/users\/1763"}],"replies":[{"embeddable":true,"href":"https:\/\/linitiative.ca\/International\/wp-json\/wp\/v2\/comments?post=124912"}],"version-history":[{"count":0,"href":"https:\/\/linitiative.ca\/International\/wp-json\/wp\/v2\/posts\/124912\/revisions"}],"wp:attachment":[{"href":"https:\/\/linitiative.ca\/International\/wp-json\/wp\/v2\/media?parent=124912"}],"wp:term":[{"taxonomy":"category","embeddable":true,"href":"https:\/\/linitiative.ca\/International\/wp-json\/wp\/v2\/categories?post=124912"},{"taxonomy":"post_tag","embeddable":true,"href":"https:\/\/linitiative.ca\/International\/wp-json\/wp\/v2\/tags?post=124912"}],"curies":[{"name":"wp","href":"https:\/\/api.w.org\/{rel}","templated":true}]}}