{"id":124913,"date":"2021-08-23T06:13:00","date_gmt":"2021-08-23T10:13:00","guid":{"rendered":"https:\/\/linitiative.ca\/International\/milan-ac-bennacer-attendu-titulaire-face-a-la-sampdoria\/"},"modified":"2021-08-23T06:13:00","modified_gmt":"2021-08-23T10:13:00","slug":"milan-ac-bennacer-attendu-titulaire-face-a-la-sampdoria","status":"publish","type":"post","link":"https:\/\/linitiative.ca\/International\/milan-ac-bennacer-attendu-titulaire-face-a-la-sampdoria\/","title":{"rendered":"Milan AC : Bennacer attendu titulaire face \u00e0 la Sampdoria"},"content":{"rendered":"<div>L\u2019AC Milan entame la saison 2021-2022 sur la pelouse de la Sampdoria G\u00eanes. Une rencontre \u00e0 laquelle Isma\u00ebl Bennacer devrait prendre part en tant que titulaire<img loading=\"lazy\" decoding=\"async\" src=\"http:\/\/feeds.feedburner.com\/~r\/GalerieFArtciles\/~4\/jBqIyTOd1u4\" height=\"1\" width=\"1\" alt=\"\"><\/div>\n<p>Auteur:<br \/>\n<a href=\"http:\/\/www.lebuteur.com\/article\/detail?titre=milan-ac-bennacer-attendu-titulaire-face-a-la-sampdoria&#038;id=100918&#038;utm_source=feedburner&#038;utm_medium=feed&#038;utm_campaign=Feed%3A+GalerieFArtciles+%28Les+derniers+articles++-+lebuteur.com%29\">Cliquez ici pour lire l&rsquo;article depuis sa source.<\/a><\/p>\n","protected":false},"excerpt":{"rendered":"<p>L\u2019AC Milan entame la saison 2021-2022 sur la pelouse de la Sampdoria G\u00eanes. Une rencontre \u00e0 laquelle Isma\u00ebl Bennacer devrait prendre part en tant que titulaire Auteur: Cliquez ici pour lire l&rsquo;article depuis sa source.<\/p>\n","protected":false},"author":1738,"featured_media":0,"comment_status":"closed","ping_status":"closed","sticky":false,"template":"","format":"standard","meta":{"fifu_image_url":"http:\/\/feeds.feedburner.com\/~r\/GalerieFArtciles\/~4\/jBqIyTOd1u4","fifu_image_alt":"Milan AC : Bennacer attendu titulaire face \u00e0 la Sampdoria","footnotes":""},"categories":[53,75],"tags":[],"class_list":["post-124913","post","type-post","status-publish","format-standard","hentry","category-algerie","category-sport"],"_links":{"self":[{"href":"https:\/\/linitiative.ca\/International\/wp-json\/wp\/v2\/posts\/124913","targetHints":{"allow":["GET"]}}],"collection":[{"href":"https:\/\/linitiative.ca\/International\/wp-json\/wp\/v2\/posts"}],"about":[{"href":"https:\/\/linitiative.ca\/International\/wp-json\/wp\/v2\/types\/post"}],"author":[{"embeddable":true,"href":"https:\/\/linitiative.ca\/International\/wp-json\/wp\/v2\/users\/1738"}],"replies":[{"embeddable":true,"href":"https:\/\/linitiative.ca\/International\/wp-json\/wp\/v2\/comments?post=124913"}],"version-history":[{"count":0,"href":"https:\/\/linitiative.ca\/International\/wp-json\/wp\/v2\/posts\/124913\/revisions"}],"wp:attachment":[{"href":"https:\/\/linitiative.ca\/International\/wp-json\/wp\/v2\/media?parent=124913"}],"wp:term":[{"taxonomy":"category","embeddable":true,"href":"https:\/\/linitiative.ca\/International\/wp-json\/wp\/v2\/categories?post=124913"},{"taxonomy":"post_tag","embeddable":true,"href":"https:\/\/linitiative.ca\/International\/wp-json\/wp\/v2\/tags?post=124913"}],"curies":[{"name":"wp","href":"https:\/\/api.w.org\/{rel}","templated":true}]}}