{"id":124920,"date":"2021-08-23T06:39:59","date_gmt":"2021-08-23T10:39:59","guid":{"rendered":"https:\/\/linitiative.ca\/International\/rechauffement-climatique-les-dures-conditions-de-vie-qui-se-profilent\/"},"modified":"2021-08-23T06:39:59","modified_gmt":"2021-08-23T10:39:59","slug":"rechauffement-climatique-les-dures-conditions-de-vie-qui-se-profilent","status":"publish","type":"post","link":"https:\/\/linitiative.ca\/International\/rechauffement-climatique-les-dures-conditions-de-vie-qui-se-profilent\/","title":{"rendered":"R\u00e9chauffement climatique : les dures conditions de vie qui se profilent"},"content":{"rendered":"<div>\n<div class=\"sriret\"><img decoding=\"async\" src=\"https:\/\/linitiative.ca\/International\/wp-content\/uploads\/sites\/23\/2021\/08\/default-picture-709x366_c-51.jpg\"><\/div>\n<p class=\"p2\">Abuser de l\u2019opinion publique et l\u2019envoyer sur de fausses pistes avec les cons\u00e9quences dramatiques qu\u2019elles engendrent, c\u2019est ignorer les menaces imminentes, mortelles et destructrices que fait peser le changement climatique sur notre pays et la sous-r\u00e9gion. On l\u2019a vu avec les inondations qui ont emport\u00e9 des vies et des biens. Des pr\u00e9cipitations parcimonieuses, courtes et intenses, ont provoqu\u00e9 un d\u00e9ferlement des eaux. Les incendies ont besoin de carburant, c\u2019est la v\u00e9g\u00e9tation. Plus cette derni\u00e8re est s\u00e8che, plus elle est inflammable.<\/p>\n<p class=\"p2\">La hausse des temp\u00e9ratures de juillet-ao\u00fbt a \u00e9t\u00e9 pr\u00e9c\u00e9d\u00e9e par une longue p\u00e9riode de s\u00e9cheresse qui a<span class=\"s2\"> vid\u00e9<\/span> le peu d\u2019eau qui restait dans les barrages et a conduit au rationnement du pr\u00e9cieux liquide dans les grandes villes. Le d\u00e9sert avance inexorablement vers le Nord. Il est aux portes d\u2019Alger. Il a d\u00e9j\u00e0 franchi le nouveau barrage vert qu\u2019on veut lui opposer pour endiguer son avanc\u00e9e. Des botanistes ont trouv\u00e9 au nord de Bouira des v\u00e9g\u00e9taux pionniers indicateurs des zones arides. Ce qui signifie que les terres agricoles, en plus de manquer d\u2019eau d\u2019irrigation, ne seront plus productives.<\/p>\n<p class=\"p2\">*Retrouvez l\u2019inte\u0301gralite\u0301 de nos articles sur la version papier<\/p>\n<p>L\u2019article <a rel=\"nofollow\" href=\"https:\/\/www.elwatan.com\/edition\/actualite\/rechauffement-climatique-les-dures-conditions-de-vie-qui-se-profilent-23-08-2021\">R\u00e9chauffement climatique : les dures conditions de vie qui se profilent<\/a> est apparu en premier sur <a rel=\"nofollow\" href=\"https:\/\/www.elwatan.com\/\">El Watan<\/a>.<\/p>\n<\/div>\n<p>Auteur: Hicham Chouadria<br \/>\n<a href=\"https:\/\/www.elwatan.com\/edition\/actualite\/rechauffement-climatique-les-dures-conditions-de-vie-qui-se-profilent-23-08-2021\">Cliquez ici pour lire l&rsquo;article depuis sa source.<\/a><\/p>\n","protected":false},"excerpt":{"rendered":"<p>Abuser de l\u2019opinion publique et l\u2019envoyer sur de fausses pistes avec les cons\u00e9quences dramatiques qu\u2019elles engendrent, c\u2019est ignorer les menaces imminentes, mortelles et destructrices que fait peser le changement climatique sur notre pays et la sous-r\u00e9gion. On l\u2019a vu avec les inondations qui ont emport\u00e9 des vies et des biens. Des pr\u00e9cipitations parcimonieuses, courtes et [&hellip;]<\/p>\n","protected":false},"author":1743,"featured_media":0,"comment_status":"closed","ping_status":"closed","sticky":false,"template":"","format":"standard","meta":{"fifu_image_url":"https:\/\/www.elwatan.com\/wp-content\/themes\/spectr\/img\/default-picture-709x366_c.jpg","fifu_image_alt":"R\u00e9chauffement climatique : les dures conditions de vie qui se profilent","footnotes":""},"categories":[73,53],"tags":[],"class_list":["post-124920","post","type-post","status-publish","format-standard","hentry","category-actualite","category-algerie"],"_links":{"self":[{"href":"https:\/\/linitiative.ca\/International\/wp-json\/wp\/v2\/posts\/124920","targetHints":{"allow":["GET"]}}],"collection":[{"href":"https:\/\/linitiative.ca\/International\/wp-json\/wp\/v2\/posts"}],"about":[{"href":"https:\/\/linitiative.ca\/International\/wp-json\/wp\/v2\/types\/post"}],"author":[{"embeddable":true,"href":"https:\/\/linitiative.ca\/International\/wp-json\/wp\/v2\/users\/1743"}],"replies":[{"embeddable":true,"href":"https:\/\/linitiative.ca\/International\/wp-json\/wp\/v2\/comments?post=124920"}],"version-history":[{"count":0,"href":"https:\/\/linitiative.ca\/International\/wp-json\/wp\/v2\/posts\/124920\/revisions"}],"wp:attachment":[{"href":"https:\/\/linitiative.ca\/International\/wp-json\/wp\/v2\/media?parent=124920"}],"wp:term":[{"taxonomy":"category","embeddable":true,"href":"https:\/\/linitiative.ca\/International\/wp-json\/wp\/v2\/categories?post=124920"},{"taxonomy":"post_tag","embeddable":true,"href":"https:\/\/linitiative.ca\/International\/wp-json\/wp\/v2\/tags?post=124920"}],"curies":[{"name":"wp","href":"https:\/\/api.w.org\/{rel}","templated":true}]}}