{"id":124922,"date":"2021-08-23T06:40:34","date_gmt":"2021-08-23T10:40:34","guid":{"rendered":"https:\/\/linitiative.ca\/International\/origine-criminelle-des-feux-de-foret-les-reserves-des-specialistes\/"},"modified":"2021-08-23T06:40:34","modified_gmt":"2021-08-23T10:40:34","slug":"origine-criminelle-des-feux-de-foret-les-reserves-des-specialistes","status":"publish","type":"post","link":"https:\/\/linitiative.ca\/International\/origine-criminelle-des-feux-de-foret-les-reserves-des-specialistes\/","title":{"rendered":"Origine criminelle des feux de for\u00eat : Les r\u00e9serves des sp\u00e9cialistes"},"content":{"rendered":"<div>\n<div class=\"sriret\"><img loading=\"lazy\" decoding=\"async\" width=\"800\" height=\"449\" src=\"https:\/\/linitiative.ca\/International\/wp-content\/uploads\/sites\/23\/2021\/08\/incendies-TO.gif\" class=\"attachment-featured_large size-featured_large wp-post-image\" alt=\"\" style=\"margin-bottom: 15px;\"><\/div>\n<p class=\"p1\"><span class=\"s1\"><b>L<\/b><\/span>e postulat d\u2019une origine criminelle et organis\u00e9e des incendies de for\u00eat en Alg\u00e9rie ne fait pas l\u2019unanimit\u00e9. Il n\u2019est pas accept\u00e9 par ceux qui ont gard\u00e9 la t\u00eate froide et pris de la distance avec des conjectures politiciennes qui ont d\u00e9clench\u00e9 une chasse aux sorci\u00e8res suivie d\u2019hyst\u00e9rie collective qui a conduit au drame de Larba\u00e2 Nath Irathen.<\/p>\n<p class=\"p1\">Pas l\u2019ombre d\u2019une preuve mat\u00e9rielle, pas m\u00eame des aveux n\u2019ont en effet \u00e9t\u00e9 produits. Face \u00e0 l\u2019embrasement g\u00e9n\u00e9ral du bassin m\u00e9diterran\u00e9en, du Portugal \u00e0 la Syrie en passant par la Sicile, le sud de l\u2019Italie, les Balkans, avec la Gr\u00e8ce et la Turquie qui ont pay\u00e9 un lourd tribut et au sud du Maroc \u00e0 l\u2019Egypte, l\u2019Alg\u00e9rie fait cavalier seul, s\u2019isole.<\/p>\n<p>*Retrouvez l\u2019inte\u0301gralite\u0301 de nos articles sur la version papier<\/p>\n<p>L\u2019article <a rel=\"nofollow\" href=\"https:\/\/www.elwatan.com\/a-la-une\/origine-criminelle-des-feux-de-foret-les-reserves-des-specialistes-23-08-2021\">Origine criminelle des feux de for\u00eat : Les r\u00e9serves des sp\u00e9cialistes<\/a> est apparu en premier sur <a rel=\"nofollow\" href=\"https:\/\/www.elwatan.com\/\">El Watan<\/a>.<\/p>\n<\/div>\n<p>Auteur: Hicham Chouadria<br \/>\n<a href=\"https:\/\/www.elwatan.com\/a-la-une\/origine-criminelle-des-feux-de-foret-les-reserves-des-specialistes-23-08-2021\">Cliquez ici pour lire l&rsquo;article depuis sa source.<\/a><\/p>\n","protected":false},"excerpt":{"rendered":"<p>Le postulat d\u2019une origine criminelle et organis\u00e9e des incendies de for\u00eat en Alg\u00e9rie ne fait pas l\u2019unanimit\u00e9. Il n\u2019est pas accept\u00e9 par ceux qui ont gard\u00e9 la t\u00eate froide et pris de la distance avec des conjectures politiciennes qui ont d\u00e9clench\u00e9 une chasse aux sorci\u00e8res suivie d\u2019hyst\u00e9rie collective qui a conduit au drame de Larba\u00e2 [&hellip;]<\/p>\n","protected":false},"author":1743,"featured_media":0,"comment_status":"closed","ping_status":"closed","sticky":false,"template":"","format":"standard","meta":{"fifu_image_url":"https:\/\/www.elwatan.com\/wp-content\/uploads\/2019\/07\/incendies-TO.gif","fifu_image_alt":"Origine criminelle des feux de for\u00eat : Les r\u00e9serves des sp\u00e9cialistes","footnotes":""},"categories":[73,53],"tags":[],"class_list":["post-124922","post","type-post","status-publish","format-standard","hentry","category-actualite","category-algerie"],"_links":{"self":[{"href":"https:\/\/linitiative.ca\/International\/wp-json\/wp\/v2\/posts\/124922","targetHints":{"allow":["GET"]}}],"collection":[{"href":"https:\/\/linitiative.ca\/International\/wp-json\/wp\/v2\/posts"}],"about":[{"href":"https:\/\/linitiative.ca\/International\/wp-json\/wp\/v2\/types\/post"}],"author":[{"embeddable":true,"href":"https:\/\/linitiative.ca\/International\/wp-json\/wp\/v2\/users\/1743"}],"replies":[{"embeddable":true,"href":"https:\/\/linitiative.ca\/International\/wp-json\/wp\/v2\/comments?post=124922"}],"version-history":[{"count":0,"href":"https:\/\/linitiative.ca\/International\/wp-json\/wp\/v2\/posts\/124922\/revisions"}],"wp:attachment":[{"href":"https:\/\/linitiative.ca\/International\/wp-json\/wp\/v2\/media?parent=124922"}],"wp:term":[{"taxonomy":"category","embeddable":true,"href":"https:\/\/linitiative.ca\/International\/wp-json\/wp\/v2\/categories?post=124922"},{"taxonomy":"post_tag","embeddable":true,"href":"https:\/\/linitiative.ca\/International\/wp-json\/wp\/v2\/tags?post=124922"}],"curies":[{"name":"wp","href":"https:\/\/api.w.org\/{rel}","templated":true}]}}