{"id":124924,"date":"2021-08-23T09:30:53","date_gmt":"2021-08-23T13:30:53","guid":{"rendered":"https:\/\/linitiative.ca\/International\/expulse-despagne-samedi-lex-gendarme-mohamed-abdallah-place-en-detention-provisoire\/"},"modified":"2021-08-23T09:30:53","modified_gmt":"2021-08-23T13:30:53","slug":"expulse-despagne-samedi-lex-gendarme-mohamed-abdallah-place-en-detention-provisoire","status":"publish","type":"post","link":"https:\/\/linitiative.ca\/International\/expulse-despagne-samedi-lex-gendarme-mohamed-abdallah-place-en-detention-provisoire\/","title":{"rendered":"Expuls\u00e9 d\u2019Espagne samedi\u00a0: L\u2019ex-gendarme, Mohamed Abdallah, plac\u00e9 en d\u00e9tention provisoire"},"content":{"rendered":"<div>\n<div class=\"sriret\"><img loading=\"lazy\" decoding=\"async\" width=\"512\" height=\"640\" src=\"https:\/\/linitiative.ca\/International\/wp-content\/uploads\/sites\/23\/2021\/08\/Mohamed-Abdallah.jpg\" class=\"attachment-featured_large size-featured_large wp-post-image\" alt=\"\" style=\"margin-bottom: 15px;\" srcset=\"https:\/\/linitiative.ca\/International\/wp-content\/uploads\/sites\/23\/2021\/08\/Mohamed-Abdallah.jpg 512w, https:\/\/www.elwatan.com\/wp-content\/uploads\/2021\/08\/Mohamed-Abdallah-240x300.jpg 240w\" sizes=\"auto, (max-width: 512px) 100vw, 512px\"><\/div>\n<p>Le gendarme d\u00e9serteur, Mohamed Abdallah, a \u00e9t\u00e9 plac\u00e9 aujourd\u2019hui lundi 23 ao\u00fbt, par un juge d\u2019instruction du tribunal de Sidi M\u2019hamed, \u00e0 Alger, en d\u00e9tention provisoire, \u00e0 la prison d\u2019El Harrach.<\/p>\n<p>Mohamed Abdallah, qui avait \u00e9t\u00e9 expuls\u00e9 d\u2019Espagne vers l\u2019Alg\u00e9rie samedi 21 ao\u00fbt, devrait \u00eatre entendu demain aussi. Selon plusieurs sources, il est poursuivi pour \u00abappartenance \u00e0 une organisation terroriste\u00bb et \u00ab financement d\u2019une organisation terroriste \u00bb. Se trouvant sur le territoire ib\u00e9rique depuis 2018, la d\u00e9cision de l\u2019expulsion de l\u2019ex-gendarme a \u00e9t\u00e9 prise vendredi 20 ao\u00fbt par le minist\u00e8re de l\u2019Int\u00e9rieur espagnol.<\/p>\n<p>\u00a0<\/p>\n<p>\u00a0<\/p>\n<p>L\u2019article <a rel=\"nofollow\" href=\"https:\/\/www.elwatan.com\/edition\/actualite\/expulse-despagne-samedi-lex-gendarme-mohamed-abdallah-place-en-detention-provisoire-23-08-2021\">Expuls\u00e9 d\u2019Espagne samedi\u00a0: L\u2019ex-gendarme, Mohamed Abdallah, plac\u00e9 en d\u00e9tention provisoire<\/a> est apparu en premier sur <a rel=\"nofollow\" href=\"https:\/\/www.elwatan.com\/\">El Watan<\/a>.<\/p>\n<\/div>\n<p>Auteur: Abdelghani Aichoun<br \/>\n<a href=\"https:\/\/www.elwatan.com\/edition\/actualite\/expulse-despagne-samedi-lex-gendarme-mohamed-abdallah-place-en-detention-provisoire-23-08-2021\">Cliquez ici pour lire l&rsquo;article depuis sa source.<\/a><\/p>\n","protected":false},"excerpt":{"rendered":"<p>Le gendarme d\u00e9serteur, Mohamed Abdallah, a \u00e9t\u00e9 plac\u00e9 aujourd\u2019hui lundi 23 ao\u00fbt, par un juge d\u2019instruction du tribunal de Sidi M\u2019hamed, \u00e0 Alger, en d\u00e9tention provisoire, \u00e0 la prison d\u2019El Harrach. Mohamed Abdallah, qui avait \u00e9t\u00e9 expuls\u00e9 d\u2019Espagne vers l\u2019Alg\u00e9rie samedi 21 ao\u00fbt, devrait \u00eatre entendu demain aussi. Selon plusieurs sources, il est poursuivi pour [&hellip;]<\/p>\n","protected":false},"author":1743,"featured_media":0,"comment_status":"closed","ping_status":"closed","sticky":false,"template":"","format":"standard","meta":{"fifu_image_url":"https:\/\/www.elwatan.com\/wp-content\/uploads\/2021\/08\/Mohamed-Abdallah.jpg","fifu_image_alt":"Expuls\u00e9 d\u2019Espagne samedi\u00a0: L\u2019ex-gendarme, Mohamed Abdallah, plac\u00e9 en d\u00e9tention provisoire","footnotes":""},"categories":[73,53],"tags":[],"class_list":["post-124924","post","type-post","status-publish","format-standard","hentry","category-actualite","category-algerie"],"_links":{"self":[{"href":"https:\/\/linitiative.ca\/International\/wp-json\/wp\/v2\/posts\/124924","targetHints":{"allow":["GET"]}}],"collection":[{"href":"https:\/\/linitiative.ca\/International\/wp-json\/wp\/v2\/posts"}],"about":[{"href":"https:\/\/linitiative.ca\/International\/wp-json\/wp\/v2\/types\/post"}],"author":[{"embeddable":true,"href":"https:\/\/linitiative.ca\/International\/wp-json\/wp\/v2\/users\/1743"}],"replies":[{"embeddable":true,"href":"https:\/\/linitiative.ca\/International\/wp-json\/wp\/v2\/comments?post=124924"}],"version-history":[{"count":0,"href":"https:\/\/linitiative.ca\/International\/wp-json\/wp\/v2\/posts\/124924\/revisions"}],"wp:attachment":[{"href":"https:\/\/linitiative.ca\/International\/wp-json\/wp\/v2\/media?parent=124924"}],"wp:term":[{"taxonomy":"category","embeddable":true,"href":"https:\/\/linitiative.ca\/International\/wp-json\/wp\/v2\/categories?post=124924"},{"taxonomy":"post_tag","embeddable":true,"href":"https:\/\/linitiative.ca\/International\/wp-json\/wp\/v2\/tags?post=124924"}],"curies":[{"name":"wp","href":"https:\/\/api.w.org\/{rel}","templated":true}]}}