{"id":124926,"date":"2021-08-23T13:52:56","date_gmt":"2021-08-23T17:52:56","guid":{"rendered":"https:\/\/linitiative.ca\/International\/medias-el-djazairia-one-fermee-definitivement-el-bilad-une-semaine\/"},"modified":"2021-08-23T13:52:56","modified_gmt":"2021-08-23T17:52:56","slug":"medias-el-djazairia-one-fermee-definitivement-el-bilad-une-semaine","status":"publish","type":"post","link":"https:\/\/linitiative.ca\/International\/medias-el-djazairia-one-fermee-definitivement-el-bilad-une-semaine\/","title":{"rendered":"M\u00e9dias : El Djazairia One ferm\u00e9e d\u00e9finitivement, El Bilad une semaine"},"content":{"rendered":"<div>\n<div class=\"sriret\"><img decoding=\"async\" src=\"https:\/\/linitiative.ca\/International\/wp-content\/uploads\/sites\/23\/2021\/08\/default-picture-709x366_c-52.jpg\"><\/div>\n<p>Deux chaines de t\u00e9l\u00e9vision priv\u00e9es viennent d\u2019\u00eatre suspendues aujourd\u2019hui. L\u2019une d\u2019une mani\u00e8re d\u00e9finitive, l\u2019autre pour une dur\u00e9e d\u2019une semaine.<\/p>\n<p>\u00ab\u00a0El Djazairia One\u00a0\u00bb ne diffusera plus de programmes. Le minist\u00e8re de la Communication, apr\u00e8s avoir \u00e9t\u00e9 saisi dans ce sens par l\u2019Autorit\u00e9 de r\u00e9gulation de l\u2019audiovisuel (ARAV), a d\u00e9cid\u00e9 de suspendre \u2018imm\u00e9diatement et d\u00e9finitivement\u00a0\u00bb la chaine, indique un communiqu\u00e9 rendu public aujourd\u2019hui, lundi 23 ao\u00fbt. Il lui est reproch\u00e9 des \u00ab\u00a0entorses aux r\u00e8gles professionnelles\u00a0\u00bb mais aussi le \u00ab\u00a0non-respect des exigences de l\u2019ordre public\u00a0\u00bb. La m\u00eame source indique \u00e9galement que l\u2019un des associ\u00e9s de l\u2019entreprise a enfreint la r\u00e8glementation relative \u00e0 l\u2019activit\u00e9 audiovisuelle qui interdit l\u2019achat d\u2019actions dans plus d\u2019une chaine de t\u00e9l\u00e9vision. Ceci en plus, ajoute-t-on encore, des poursuites judiciaires engag\u00e9es \u00e0 l\u2019encontre des propri\u00e9taires de la chaine. Par ailleurs, El Bilad a \u00e9galement \u00e9t\u00e9 suspendue aujourd\u2019hui mais pour une dur\u00e9e d\u2019une semaine, \u00e0 compter du 24 ao\u00fbt \u00e0 minuit. Le minist\u00e8re \u00e9voque, dans le cas de cette chaine, des \u00ab\u00a0violations li\u00e9es \u00e0 son non-respect des recommandations dans le cadre de la protection des enfants et mineurs lors de la diffusion de ses programmes\u00a0\u00bb. Il faut rappeler, en dernier lieu, que la chaine \u2018Lina TV\u2019 avait \u00e9tait \u00e9galement, il y a une semaine de cela (le 16 ao\u00fbt), ferm\u00e9e d\u2019une mani\u00e8re d\u00e9finitive. Le minist\u00e8re avait indiqu\u00e9 que celle-ci ne disposait pas de \u00ab\u00a0l\u2019accr\u00e9ditation pr\u00e9alable pour exercer son activit\u00e9 audiovisuelle en Alg\u00e9rie\u00a0\u00bb.<\/p>\n<p>L\u2019article <a rel=\"nofollow\" href=\"https:\/\/www.elwatan.com\/edition\/actualite\/media-el-djazairia-one-fermee-definitivement-el-bilad-une-semaine-23-08-2021\">M\u00e9dias : El Djazairia One ferm\u00e9e d\u00e9finitivement, El Bilad une semaine<\/a> est apparu en premier sur <a rel=\"nofollow\" href=\"https:\/\/www.elwatan.com\/\">El Watan<\/a>.<\/p>\n<\/div>\n<p>Auteur: Abdelghani Aichoun<br \/>\n<a href=\"https:\/\/www.elwatan.com\/edition\/actualite\/media-el-djazairia-one-fermee-definitivement-el-bilad-une-semaine-23-08-2021\">Cliquez ici pour lire l&rsquo;article depuis sa source.<\/a><\/p>\n","protected":false},"excerpt":{"rendered":"<p>Deux chaines de t\u00e9l\u00e9vision priv\u00e9es viennent d\u2019\u00eatre suspendues aujourd\u2019hui. L\u2019une d\u2019une mani\u00e8re d\u00e9finitive, l\u2019autre pour une dur\u00e9e d\u2019une semaine. \u00ab\u00a0El Djazairia One\u00a0\u00bb ne diffusera plus de programmes. Le minist\u00e8re de la Communication, apr\u00e8s avoir \u00e9t\u00e9 saisi dans ce sens par l\u2019Autorit\u00e9 de r\u00e9gulation de l\u2019audiovisuel (ARAV), a d\u00e9cid\u00e9 de suspendre \u2018imm\u00e9diatement et d\u00e9finitivement\u00a0\u00bb la chaine, [&hellip;]<\/p>\n","protected":false},"author":1743,"featured_media":0,"comment_status":"closed","ping_status":"closed","sticky":false,"template":"","format":"standard","meta":{"fifu_image_url":"https:\/\/www.elwatan.com\/wp-content\/themes\/spectr\/img\/default-picture-709x366_c.jpg","fifu_image_alt":"M\u00e9dias : El Djazairia One ferm\u00e9e d\u00e9finitivement, El Bilad une semaine","footnotes":""},"categories":[73,53],"tags":[],"class_list":["post-124926","post","type-post","status-publish","format-standard","hentry","category-actualite","category-algerie"],"_links":{"self":[{"href":"https:\/\/linitiative.ca\/International\/wp-json\/wp\/v2\/posts\/124926","targetHints":{"allow":["GET"]}}],"collection":[{"href":"https:\/\/linitiative.ca\/International\/wp-json\/wp\/v2\/posts"}],"about":[{"href":"https:\/\/linitiative.ca\/International\/wp-json\/wp\/v2\/types\/post"}],"author":[{"embeddable":true,"href":"https:\/\/linitiative.ca\/International\/wp-json\/wp\/v2\/users\/1743"}],"replies":[{"embeddable":true,"href":"https:\/\/linitiative.ca\/International\/wp-json\/wp\/v2\/comments?post=124926"}],"version-history":[{"count":0,"href":"https:\/\/linitiative.ca\/International\/wp-json\/wp\/v2\/posts\/124926\/revisions"}],"wp:attachment":[{"href":"https:\/\/linitiative.ca\/International\/wp-json\/wp\/v2\/media?parent=124926"}],"wp:term":[{"taxonomy":"category","embeddable":true,"href":"https:\/\/linitiative.ca\/International\/wp-json\/wp\/v2\/categories?post=124926"},{"taxonomy":"post_tag","embeddable":true,"href":"https:\/\/linitiative.ca\/International\/wp-json\/wp\/v2\/tags?post=124926"}],"curies":[{"name":"wp","href":"https:\/\/api.w.org\/{rel}","templated":true}]}}