{"id":124930,"date":"2021-08-23T08:58:00","date_gmt":"2021-08-23T12:58:00","guid":{"rendered":"https:\/\/linitiative.ca\/International\/plus-de-1500-bacheliers-camerounais-interesses-a-poursuivre-leurs-etudes-en-tunisie-video-et-album-photos\/"},"modified":"2021-08-23T08:58:00","modified_gmt":"2021-08-23T12:58:00","slug":"plus-de-1500-bacheliers-camerounais-interesses-a-poursuivre-leurs-etudes-en-tunisie-video-et-album-photos","status":"publish","type":"post","link":"https:\/\/linitiative.ca\/International\/plus-de-1500-bacheliers-camerounais-interesses-a-poursuivre-leurs-etudes-en-tunisie-video-et-album-photos\/","title":{"rendered":"Plus de 1500 bacheliers camerounais int\u00e9ress\u00e9s \u00e0 poursuivre leurs \u00e9tudes en Tunisie (Vid\u00e9o et Album photos)"},"content":{"rendered":"<div><img decoding=\"async\" src=\"https:\/\/linitiative.ca\/International\/wp-content\/uploads\/sites\/23\/2021\/08\/1629721137_article.jpg\" alt=\"Plus de 1500 bacheliers camerounais s\u2019int\u00e9ressent \u00e0 poursuivre leurs \u00e9tudes en Tunisie\" align=\"left\">Ils sont pas moins de 2000 \u00e9tudiants camerounais d\u00e9j\u00e0 inscrits dans diff\u00e9rentes universit\u00e9s surtout priv\u00e9es en Tunisie. Sur leurs pas, 1500 bacheliers s&rsquo;ont int\u00e9ress\u00e9s de poursuivre de poursuivre leurs \u00e9tudes sup\u00e9rieures en Tunisie. Afin de prendre connaissance de plus amples d\u00e9tails, ils ont pris part aux journ\u00e9es tunisiennes portes ouvertes de l\u2019enseignement sup\u00e9rieur qui se sont tenues les 19 et 20 ao\u00fbt courant, dans la capitale administrative Yaound\u00e9 et le 21 ao\u00fbt \u00e0 Douala, la capitale \u00e9conomique du Cameroun. Ouvertes par l\u2019ambassadeur de Tunisie \u00e0 Yaound\u00e9, Karim Ben B\u00e9cher, ces journ\u00e9es ont \u00e9t\u00e9 marqu\u00e9es par la pr\u00e9sence lors de la c\u00e9r\u00e9monie inaugurale, en &#8230;<\/p>\n<\/div>\n<p>Auteur:<br \/>\n<a href=\"https:\/\/www.leaders.com.tn\/article\/32321-plus-de-1500-bacheliers-camerounais-s-interessent-a-poursuivre-leurs-etudes-en-tunisie\">Cliquez ici pour lire l&rsquo;article depuis sa source.<\/a><\/p>\n","protected":false},"excerpt":{"rendered":"<p>Ils sont pas moins de 2000 \u00e9tudiants camerounais d\u00e9j\u00e0 inscrits dans diff\u00e9rentes universit\u00e9s surtout priv\u00e9es en Tunisie. Sur leurs pas, 1500 bacheliers s&rsquo;ont int\u00e9ress\u00e9s de poursuivre de poursuivre leurs \u00e9tudes sup\u00e9rieures en Tunisie. Afin de prendre connaissance de plus amples d\u00e9tails, ils ont pris part aux journ\u00e9es tunisiennes portes ouvertes de l\u2019enseignement sup\u00e9rieur qui se [&hellip;]<\/p>\n","protected":false},"author":1772,"featured_media":0,"comment_status":"closed","ping_status":"closed","sticky":false,"template":"","format":"standard","meta":{"fifu_image_url":"http:\/\/www.leaders.com.tn\/uploads\/content\/thumbnails_small\/1629721137_article.jpg","fifu_image_alt":"Plus de 1500 bacheliers camerounais int\u00e9ress\u00e9s \u00e0 poursuivre leurs \u00e9tudes en Tunisie (Vid\u00e9o et Album photos)","footnotes":""},"categories":[73,55],"tags":[],"class_list":["post-124930","post","type-post","status-publish","format-standard","hentry","category-actualite","category-tunisie"],"_links":{"self":[{"href":"https:\/\/linitiative.ca\/International\/wp-json\/wp\/v2\/posts\/124930","targetHints":{"allow":["GET"]}}],"collection":[{"href":"https:\/\/linitiative.ca\/International\/wp-json\/wp\/v2\/posts"}],"about":[{"href":"https:\/\/linitiative.ca\/International\/wp-json\/wp\/v2\/types\/post"}],"author":[{"embeddable":true,"href":"https:\/\/linitiative.ca\/International\/wp-json\/wp\/v2\/users\/1772"}],"replies":[{"embeddable":true,"href":"https:\/\/linitiative.ca\/International\/wp-json\/wp\/v2\/comments?post=124930"}],"version-history":[{"count":0,"href":"https:\/\/linitiative.ca\/International\/wp-json\/wp\/v2\/posts\/124930\/revisions"}],"wp:attachment":[{"href":"https:\/\/linitiative.ca\/International\/wp-json\/wp\/v2\/media?parent=124930"}],"wp:term":[{"taxonomy":"category","embeddable":true,"href":"https:\/\/linitiative.ca\/International\/wp-json\/wp\/v2\/categories?post=124930"},{"taxonomy":"post_tag","embeddable":true,"href":"https:\/\/linitiative.ca\/International\/wp-json\/wp\/v2\/tags?post=124930"}],"curies":[{"name":"wp","href":"https:\/\/api.w.org\/{rel}","templated":true}]}}