{"id":124934,"date":"2021-08-23T12:17:00","date_gmt":"2021-08-23T16:17:00","guid":{"rendered":"https:\/\/linitiative.ca\/International\/sur-la-route-de-djerba-paris-accueille-la-1ere-rencontre-des-entrepreneurs-francophones\/"},"modified":"2021-08-23T12:17:00","modified_gmt":"2021-08-23T16:17:00","slug":"sur-la-route-de-djerba-paris-accueille-la-1ere-rencontre-des-entrepreneurs-francophones","status":"publish","type":"post","link":"https:\/\/linitiative.ca\/International\/sur-la-route-de-djerba-paris-accueille-la-1ere-rencontre-des-entrepreneurs-francophones\/","title":{"rendered":"Sur la route de Djerba, Paris accueille la 1\u00e8re rencontre des entrepreneurs francophones"},"content":{"rendered":"<div><img decoding=\"async\" src=\"https:\/\/linitiative.ca\/International\/wp-content\/uploads\/sites\/23\/2021\/08\/1629731826_article.jpg\" alt=\"Sur la route de Djerba, Paris accueille la 1\u00e8re rencontre des entrepreneurs francophones\" align=\"left\">Plus de 500 chefs d\u2019entreprises de 33 pays, et 27 d\u00e9l\u00e9gations d\u2019organisations patronales dont l\u2019UTICA au nom de la Tunisie prendront part d\u00e8s ce mardi 24 ao\u00fbt \u00e0 la 1\u00e8re rencontre des entrepreneurs africains qui se tiendra \u00e0 l\u2019hippodrome ParisLongchamp. Organis\u00e9e par le MEDEF, \u00e0 trois mois de la tenue \u00e0 Djerba des 20 et 21 novembre prochain du 18eme sommet de la Francophonie, cette manifestation d\u2019envergure entend promouvoir les affaires entre les op\u00e9rateurs \u00e9conomiques. Samir Majoul y est annonc\u00e9 \u00e0 la t\u00eate d\u2019une importante d\u00e9l\u00e9gation tunisienne.<br \/>\nLes travaux seront ouverts mardi 24 ao\u00fbt par la secr\u00e9taire g\u00e9n\u00e9rale de l\u2019Organisation internationale de la &#8230;<\/p>\n<\/div>\n<p>Auteur:<br \/>\n<a href=\"https:\/\/www.leaders.com.tn\/article\/32324-sur-la-route-de-djerba-paris-accueille-la-1ere-rencontre-des-entrepreneurs-francophones\">Cliquez ici pour lire l&rsquo;article depuis sa source.<\/a><\/p>\n","protected":false},"excerpt":{"rendered":"<p>Plus de 500 chefs d\u2019entreprises de 33 pays, et 27 d\u00e9l\u00e9gations d\u2019organisations patronales dont l\u2019UTICA au nom de la Tunisie prendront part d\u00e8s ce mardi 24 ao\u00fbt \u00e0 la 1\u00e8re rencontre des entrepreneurs africains qui se tiendra \u00e0 l\u2019hippodrome ParisLongchamp. Organis\u00e9e par le MEDEF, \u00e0 trois mois de la tenue \u00e0 Djerba des 20 et [&hellip;]<\/p>\n","protected":false},"author":1772,"featured_media":0,"comment_status":"closed","ping_status":"closed","sticky":false,"template":"","format":"standard","meta":{"fifu_image_url":"http:\/\/www.leaders.com.tn\/uploads\/content\/thumbnails_small\/1629731826_article.jpg","fifu_image_alt":"Sur la route de Djerba, Paris accueille la 1\u00e8re rencontre des entrepreneurs francophones","footnotes":""},"categories":[73,55],"tags":[],"class_list":["post-124934","post","type-post","status-publish","format-standard","hentry","category-actualite","category-tunisie"],"_links":{"self":[{"href":"https:\/\/linitiative.ca\/International\/wp-json\/wp\/v2\/posts\/124934","targetHints":{"allow":["GET"]}}],"collection":[{"href":"https:\/\/linitiative.ca\/International\/wp-json\/wp\/v2\/posts"}],"about":[{"href":"https:\/\/linitiative.ca\/International\/wp-json\/wp\/v2\/types\/post"}],"author":[{"embeddable":true,"href":"https:\/\/linitiative.ca\/International\/wp-json\/wp\/v2\/users\/1772"}],"replies":[{"embeddable":true,"href":"https:\/\/linitiative.ca\/International\/wp-json\/wp\/v2\/comments?post=124934"}],"version-history":[{"count":0,"href":"https:\/\/linitiative.ca\/International\/wp-json\/wp\/v2\/posts\/124934\/revisions"}],"wp:attachment":[{"href":"https:\/\/linitiative.ca\/International\/wp-json\/wp\/v2\/media?parent=124934"}],"wp:term":[{"taxonomy":"category","embeddable":true,"href":"https:\/\/linitiative.ca\/International\/wp-json\/wp\/v2\/categories?post=124934"},{"taxonomy":"post_tag","embeddable":true,"href":"https:\/\/linitiative.ca\/International\/wp-json\/wp\/v2\/tags?post=124934"}],"curies":[{"name":"wp","href":"https:\/\/api.w.org\/{rel}","templated":true}]}}