{"id":124936,"date":"2021-08-23T13:03:00","date_gmt":"2021-08-23T17:03:00","guid":{"rendered":"https:\/\/linitiative.ca\/International\/un-geste-significatif-de-lafrique-du-sud-a-legard-de-la-diplomatie-tunisienne\/"},"modified":"2021-08-23T13:03:00","modified_gmt":"2021-08-23T17:03:00","slug":"un-geste-significatif-de-lafrique-du-sud-a-legard-de-la-diplomatie-tunisienne","status":"publish","type":"post","link":"https:\/\/linitiative.ca\/International\/un-geste-significatif-de-lafrique-du-sud-a-legard-de-la-diplomatie-tunisienne\/","title":{"rendered":"Un geste significatif de l\u2019Afrique du Sud \u00e0 l\u2019\u00e9gard de la diplomatie tunisienne"},"content":{"rendered":"<div><img decoding=\"async\" src=\"https:\/\/linitiative.ca\/International\/wp-content\/uploads\/sites\/23\/2021\/08\/1629734747_article.jpg\" alt=\"Un geste significatif de l\u2019Afrique du Sud \u00e0 l\u2019\u00e9gard de la diplomatie tunisienne\" align=\"left\">A chaque pays son protocole diplomatique. Recevoir un ambassadeur au terme de sa mission, par le chef de la diplomatie du pays de son accr\u00e9ditation n\u2019est pas partout syst\u00e9matique. L\u2019Afrique du Sud le r\u00e9serve \u00e0 quelques-uns seulement, en t\u00e9moignage d\u2019une consid\u00e9ration particuli\u00e8re. C\u2019est ainsi que la ministre des Relations internationales et de la Coop\u00e9ration, Dr Naledi Pandor a tenu \u00e0 recevoir lundi matin au si\u00e8ge de son d\u00e9partement, l\u2019ambassadeure de Tunisie \u00e0 Pretoria, Narjes Dridi. La diplomate tunisienne s\u2019appr\u00eate en effet \u00e0 regagner Tunis \u00e0 l\u2019issue d\u2019une laborieuse mission de quatre ans et demi, couvrant \u00e0 partir de la capitale sud-africaine sept autres &#8230;<\/p>\n<\/div>\n<p>Auteur:<br \/>\n<a href=\"https:\/\/www.leaders.com.tn\/article\/32325-un-geste-significatif-de-l-afrique-du-sud-a-l-egard-de-la-diplomatie-tunisienne\">Cliquez ici pour lire l&rsquo;article depuis sa source.<\/a><\/p>\n","protected":false},"excerpt":{"rendered":"<p>A chaque pays son protocole diplomatique. Recevoir un ambassadeur au terme de sa mission, par le chef de la diplomatie du pays de son accr\u00e9ditation n\u2019est pas partout syst\u00e9matique. L\u2019Afrique du Sud le r\u00e9serve \u00e0 quelques-uns seulement, en t\u00e9moignage d\u2019une consid\u00e9ration particuli\u00e8re. C\u2019est ainsi que la ministre des Relations internationales et de la Coop\u00e9ration, Dr [&hellip;]<\/p>\n","protected":false},"author":1772,"featured_media":0,"comment_status":"closed","ping_status":"closed","sticky":false,"template":"","format":"standard","meta":{"fifu_image_url":"http:\/\/www.leaders.com.tn\/uploads\/content\/thumbnails_small\/1629734747_article.jpg","fifu_image_alt":"Un geste significatif de l\u2019Afrique du Sud \u00e0 l\u2019\u00e9gard de la diplomatie tunisienne","footnotes":""},"categories":[73,55],"tags":[],"class_list":["post-124936","post","type-post","status-publish","format-standard","hentry","category-actualite","category-tunisie"],"_links":{"self":[{"href":"https:\/\/linitiative.ca\/International\/wp-json\/wp\/v2\/posts\/124936","targetHints":{"allow":["GET"]}}],"collection":[{"href":"https:\/\/linitiative.ca\/International\/wp-json\/wp\/v2\/posts"}],"about":[{"href":"https:\/\/linitiative.ca\/International\/wp-json\/wp\/v2\/types\/post"}],"author":[{"embeddable":true,"href":"https:\/\/linitiative.ca\/International\/wp-json\/wp\/v2\/users\/1772"}],"replies":[{"embeddable":true,"href":"https:\/\/linitiative.ca\/International\/wp-json\/wp\/v2\/comments?post=124936"}],"version-history":[{"count":0,"href":"https:\/\/linitiative.ca\/International\/wp-json\/wp\/v2\/posts\/124936\/revisions"}],"wp:attachment":[{"href":"https:\/\/linitiative.ca\/International\/wp-json\/wp\/v2\/media?parent=124936"}],"wp:term":[{"taxonomy":"category","embeddable":true,"href":"https:\/\/linitiative.ca\/International\/wp-json\/wp\/v2\/categories?post=124936"},{"taxonomy":"post_tag","embeddable":true,"href":"https:\/\/linitiative.ca\/International\/wp-json\/wp\/v2\/tags?post=124936"}],"curies":[{"name":"wp","href":"https:\/\/api.w.org\/{rel}","templated":true}]}}