{"id":124938,"date":"2021-08-23T06:00:00","date_gmt":"2021-08-23T10:00:00","guid":{"rendered":"https:\/\/linitiative.ca\/International\/hommage-a-djamel-et-aux-martyrs-du-feu\/"},"modified":"2021-08-23T06:00:00","modified_gmt":"2021-08-23T10:00:00","slug":"hommage-a-djamel-et-aux-martyrs-du-feu","status":"publish","type":"post","link":"https:\/\/linitiative.ca\/International\/hommage-a-djamel-et-aux-martyrs-du-feu\/","title":{"rendered":"Hommage \u00e0 Djamel et aux martyrs du feu"},"content":{"rendered":"<div>La chanteuse Amel Zen vient de diffuser un nouveau single intitul\u00e9 Bladi El Jazair qu\u2019elle d\u00e9die \u00e0 la m\u00e9moire de Djamel Bensma\u00efl et \u00e0 toutes les victimes des incendies qui ont endeuill\u00e9 l\u2019Alg\u00e9rie.<\/div>\n<p>Auteur:<br \/>\n<a href=\"https:\/\/www.lesoirdalgerie.com\/culture\/hommage-a-djamel-et-aux-martyrs-du-feu-66311\">Cliquez ici pour lire l&rsquo;article depuis sa source.<\/a><\/p>\n","protected":false},"excerpt":{"rendered":"<p>La chanteuse Amel Zen vient de diffuser un nouveau single intitul\u00e9 Bladi El Jazair qu\u2019elle d\u00e9die \u00e0 la m\u00e9moire de Djamel Bensma\u00efl et \u00e0 toutes les victimes des incendies qui ont endeuill\u00e9 l\u2019Alg\u00e9rie. Auteur: Cliquez ici pour lire l&rsquo;article depuis sa source.<\/p>\n","protected":false},"author":1741,"featured_media":0,"comment_status":"closed","ping_status":"closed","sticky":false,"template":"","format":"standard","meta":{"fifu_image_url":"","fifu_image_alt":"","footnotes":""},"categories":[73,53],"tags":[],"class_list":["post-124938","post","type-post","status-publish","format-standard","hentry","category-actualite","category-algerie"],"_links":{"self":[{"href":"https:\/\/linitiative.ca\/International\/wp-json\/wp\/v2\/posts\/124938","targetHints":{"allow":["GET"]}}],"collection":[{"href":"https:\/\/linitiative.ca\/International\/wp-json\/wp\/v2\/posts"}],"about":[{"href":"https:\/\/linitiative.ca\/International\/wp-json\/wp\/v2\/types\/post"}],"author":[{"embeddable":true,"href":"https:\/\/linitiative.ca\/International\/wp-json\/wp\/v2\/users\/1741"}],"replies":[{"embeddable":true,"href":"https:\/\/linitiative.ca\/International\/wp-json\/wp\/v2\/comments?post=124938"}],"version-history":[{"count":0,"href":"https:\/\/linitiative.ca\/International\/wp-json\/wp\/v2\/posts\/124938\/revisions"}],"wp:attachment":[{"href":"https:\/\/linitiative.ca\/International\/wp-json\/wp\/v2\/media?parent=124938"}],"wp:term":[{"taxonomy":"category","embeddable":true,"href":"https:\/\/linitiative.ca\/International\/wp-json\/wp\/v2\/categories?post=124938"},{"taxonomy":"post_tag","embeddable":true,"href":"https:\/\/linitiative.ca\/International\/wp-json\/wp\/v2\/tags?post=124938"}],"curies":[{"name":"wp","href":"https:\/\/api.w.org\/{rel}","templated":true}]}}