{"id":124940,"date":"2021-08-23T06:00:00","date_gmt":"2021-08-23T10:00:00","guid":{"rendered":"https:\/\/linitiative.ca\/International\/20-ans-dun-heros-de-la-bd-jeunesse\/"},"modified":"2021-08-23T06:00:00","modified_gmt":"2021-08-23T10:00:00","slug":"20-ans-dun-heros-de-la-bd-jeunesse","status":"publish","type":"post","link":"https:\/\/linitiative.ca\/International\/20-ans-dun-heros-de-la-bd-jeunesse\/","title":{"rendered":"20 ans d\u2019un h\u00e9ros de la BD Jeunesse"},"content":{"rendered":"<div>Chaque semaine, la cha\u00eene radiophonique France Culture revient sur une \u0153uvre marquante de ces vingt derni\u00e8res ann\u00e9es. Cette semaine, place \u00e0 la bande-dessin\u00e9e jeunesse avec Ariol, une s\u00e9rie d\u2019Emmanuel<\/div>\n<p>Auteur:<br \/>\n<a href=\"https:\/\/www.lesoirdalgerie.com\/culture\/20-ans-dun-heros-de-la-bd-jeunesse-66309\">Cliquez ici pour lire l&rsquo;article depuis sa source.<\/a><\/p>\n","protected":false},"excerpt":{"rendered":"<p>Chaque semaine, la cha\u00eene radiophonique France Culture revient sur une \u0153uvre marquante de ces vingt derni\u00e8res ann\u00e9es. Cette semaine, place \u00e0 la bande-dessin\u00e9e jeunesse avec Ariol, une s\u00e9rie d\u2019Emmanuel Auteur: Cliquez ici pour lire l&rsquo;article depuis sa source.<\/p>\n","protected":false},"author":1741,"featured_media":0,"comment_status":"closed","ping_status":"closed","sticky":false,"template":"","format":"standard","meta":{"fifu_image_url":"","fifu_image_alt":"","footnotes":""},"categories":[73,53],"tags":[],"class_list":["post-124940","post","type-post","status-publish","format-standard","hentry","category-actualite","category-algerie"],"_links":{"self":[{"href":"https:\/\/linitiative.ca\/International\/wp-json\/wp\/v2\/posts\/124940","targetHints":{"allow":["GET"]}}],"collection":[{"href":"https:\/\/linitiative.ca\/International\/wp-json\/wp\/v2\/posts"}],"about":[{"href":"https:\/\/linitiative.ca\/International\/wp-json\/wp\/v2\/types\/post"}],"author":[{"embeddable":true,"href":"https:\/\/linitiative.ca\/International\/wp-json\/wp\/v2\/users\/1741"}],"replies":[{"embeddable":true,"href":"https:\/\/linitiative.ca\/International\/wp-json\/wp\/v2\/comments?post=124940"}],"version-history":[{"count":0,"href":"https:\/\/linitiative.ca\/International\/wp-json\/wp\/v2\/posts\/124940\/revisions"}],"wp:attachment":[{"href":"https:\/\/linitiative.ca\/International\/wp-json\/wp\/v2\/media?parent=124940"}],"wp:term":[{"taxonomy":"category","embeddable":true,"href":"https:\/\/linitiative.ca\/International\/wp-json\/wp\/v2\/categories?post=124940"},{"taxonomy":"post_tag","embeddable":true,"href":"https:\/\/linitiative.ca\/International\/wp-json\/wp\/v2\/tags?post=124940"}],"curies":[{"name":"wp","href":"https:\/\/api.w.org\/{rel}","templated":true}]}}