{"id":124941,"date":"2021-08-23T06:00:00","date_gmt":"2021-08-23T10:00:00","guid":{"rendered":"https:\/\/linitiative.ca\/International\/leyla-bouzid-represente-la-tunisie\/"},"modified":"2021-08-23T06:00:00","modified_gmt":"2021-08-23T10:00:00","slug":"leyla-bouzid-represente-la-tunisie","status":"publish","type":"post","link":"https:\/\/linitiative.ca\/International\/leyla-bouzid-represente-la-tunisie\/","title":{"rendered":"Leyla Bouzid repr\u00e9sente la Tunisie"},"content":{"rendered":"<div>Le long-m\u00e9trage de fiction Une histoire d\u2019amour et de d\u00e9sir r\u00e9alis\u00e9 par la Tunisienne Leyla Bouzid est dans la comp\u00e9tition de la 14e \u00e9dition du Festival du film francophone d\u2019Angoul\u00eame (France) qui a lieu du<\/div>\n<p>Auteur:<br \/>\n<a href=\"https:\/\/www.lesoirdalgerie.com\/culture\/leyla-bouzid-represente-la-tunisie-66308\">Cliquez ici pour lire l&rsquo;article depuis sa source.<\/a><\/p>\n","protected":false},"excerpt":{"rendered":"<p>Le long-m\u00e9trage de fiction Une histoire d\u2019amour et de d\u00e9sir r\u00e9alis\u00e9 par la Tunisienne Leyla Bouzid est dans la comp\u00e9tition de la 14e \u00e9dition du Festival du film francophone d\u2019Angoul\u00eame (France) qui a lieu du Auteur: Cliquez ici pour lire l&rsquo;article depuis sa source.<\/p>\n","protected":false},"author":1741,"featured_media":0,"comment_status":"closed","ping_status":"closed","sticky":false,"template":"","format":"standard","meta":{"fifu_image_url":"","fifu_image_alt":"","footnotes":""},"categories":[73,53],"tags":[],"class_list":["post-124941","post","type-post","status-publish","format-standard","hentry","category-actualite","category-algerie"],"_links":{"self":[{"href":"https:\/\/linitiative.ca\/International\/wp-json\/wp\/v2\/posts\/124941","targetHints":{"allow":["GET"]}}],"collection":[{"href":"https:\/\/linitiative.ca\/International\/wp-json\/wp\/v2\/posts"}],"about":[{"href":"https:\/\/linitiative.ca\/International\/wp-json\/wp\/v2\/types\/post"}],"author":[{"embeddable":true,"href":"https:\/\/linitiative.ca\/International\/wp-json\/wp\/v2\/users\/1741"}],"replies":[{"embeddable":true,"href":"https:\/\/linitiative.ca\/International\/wp-json\/wp\/v2\/comments?post=124941"}],"version-history":[{"count":0,"href":"https:\/\/linitiative.ca\/International\/wp-json\/wp\/v2\/posts\/124941\/revisions"}],"wp:attachment":[{"href":"https:\/\/linitiative.ca\/International\/wp-json\/wp\/v2\/media?parent=124941"}],"wp:term":[{"taxonomy":"category","embeddable":true,"href":"https:\/\/linitiative.ca\/International\/wp-json\/wp\/v2\/categories?post=124941"},{"taxonomy":"post_tag","embeddable":true,"href":"https:\/\/linitiative.ca\/International\/wp-json\/wp\/v2\/tags?post=124941"}],"curies":[{"name":"wp","href":"https:\/\/api.w.org\/{rel}","templated":true}]}}