{"id":124943,"date":"2021-08-23T05:16:30","date_gmt":"2021-08-23T09:16:30","guid":{"rendered":"https:\/\/linitiative.ca\/International\/rechauffement-climatique-une-attitude-passive-face-a-une-destruction-massive\/"},"modified":"2021-08-23T05:16:30","modified_gmt":"2021-08-23T09:16:30","slug":"rechauffement-climatique-une-attitude-passive-face-a-une-destruction-massive","status":"publish","type":"post","link":"https:\/\/linitiative.ca\/International\/rechauffement-climatique-une-attitude-passive-face-a-une-destruction-massive\/","title":{"rendered":"R\u00e9chauffement climatique : une attitude passive face \u00e0 une destruction massive"},"content":{"rendered":"<div><img decoding=\"async\" width=\"638\" height=\"574\" src=\"https:\/\/linitiative.ca\/International\/wp-content\/uploads\/sites\/23\/2021\/08\/rechauffement-climatique.jpg\" class=\"attachment-post-thumbnail size-post-thumbnail wp-post-image\" alt=\"\" loading=\"lazy\" srcset=\"https:\/\/linitiative.ca\/International\/wp-content\/uploads\/sites\/23\/2021\/08\/rechauffement-climatique.jpg 638w, https:\/\/www.challenge.ma\/wp-content\/uploads\/2021\/08\/rechauffement-climatique-300x270.jpg 300w, https:\/\/www.challenge.ma\/wp-content\/uploads\/2021\/08\/rechauffement-climatique-360x324.jpg 360w\" sizes=\"auto, (max-width: 638px) 100vw, 638px\" itemprop=\"image\">Le dernier rapport du Groupe d\u2019experts intergouvernemental sur l\u2019\u00e9volution du climat (GIEC) met l\u2019humanit\u00e9 devant ses responsabilit\u00e9s et lance un ultimatum. Si rien n\u2019est fait dans l\u2019imm\u00e9diat pour r\u00e9duire les gaz \u00e0 effet de serre, et de toute urgence, il sera trop tard, en 2030, date butoir. Il n\u2019y a<\/div>\n<p>Auteur: Mohamed Amine<br \/>\n<a href=\"https:\/\/www.challenge.ma\/rechauffement-climatique-une-attitude-passive-face-a-une-destruction-massive-196317\/\">Cliquez ici pour lire l&rsquo;article depuis sa source.<\/a><\/p>\n","protected":false},"excerpt":{"rendered":"<p>Le dernier rapport du Groupe d\u2019experts intergouvernemental sur l\u2019\u00e9volution du climat (GIEC) met l\u2019humanit\u00e9 devant ses responsabilit\u00e9s et lance un ultimatum. Si rien n\u2019est fait dans l\u2019imm\u00e9diat pour r\u00e9duire les gaz \u00e0 effet de serre, et de toute urgence, il sera trop tard, en 2030, date butoir. Il n\u2019y a Auteur: Mohamed Amine Cliquez ici [&hellip;]<\/p>\n","protected":false},"author":1787,"featured_media":0,"comment_status":"closed","ping_status":"closed","sticky":false,"template":"","format":"standard","meta":{"fifu_image_url":"https:\/\/www.challenge.ma\/wp-content\/uploads\/2021\/08\/rechauffement-climatique.jpg","fifu_image_alt":"R\u00e9chauffement climatique : une attitude passive face \u00e0 une destruction massive","footnotes":""},"categories":[78,54],"tags":[],"class_list":["post-124943","post","type-post","status-publish","format-standard","hentry","category-economie","category-maroc"],"_links":{"self":[{"href":"https:\/\/linitiative.ca\/International\/wp-json\/wp\/v2\/posts\/124943","targetHints":{"allow":["GET"]}}],"collection":[{"href":"https:\/\/linitiative.ca\/International\/wp-json\/wp\/v2\/posts"}],"about":[{"href":"https:\/\/linitiative.ca\/International\/wp-json\/wp\/v2\/types\/post"}],"author":[{"embeddable":true,"href":"https:\/\/linitiative.ca\/International\/wp-json\/wp\/v2\/users\/1787"}],"replies":[{"embeddable":true,"href":"https:\/\/linitiative.ca\/International\/wp-json\/wp\/v2\/comments?post=124943"}],"version-history":[{"count":0,"href":"https:\/\/linitiative.ca\/International\/wp-json\/wp\/v2\/posts\/124943\/revisions"}],"wp:attachment":[{"href":"https:\/\/linitiative.ca\/International\/wp-json\/wp\/v2\/media?parent=124943"}],"wp:term":[{"taxonomy":"category","embeddable":true,"href":"https:\/\/linitiative.ca\/International\/wp-json\/wp\/v2\/categories?post=124943"},{"taxonomy":"post_tag","embeddable":true,"href":"https:\/\/linitiative.ca\/International\/wp-json\/wp\/v2\/tags?post=124943"}],"curies":[{"name":"wp","href":"https:\/\/api.w.org\/{rel}","templated":true}]}}