{"id":124945,"date":"2021-08-23T11:14:41","date_gmt":"2021-08-23T15:14:41","guid":{"rendered":"https:\/\/linitiative.ca\/International\/maroc-letat-durgence-sanitaire-a-nouveau-prolonge\/"},"modified":"2021-08-23T11:14:41","modified_gmt":"2021-08-23T15:14:41","slug":"maroc-letat-durgence-sanitaire-a-nouveau-prolonge","status":"publish","type":"post","link":"https:\/\/linitiative.ca\/International\/maroc-letat-durgence-sanitaire-a-nouveau-prolonge\/","title":{"rendered":"Maroc. L\u2019\u00e9tat d\u2019urgence sanitaire \u00e0 nouveau prolong\u00e9"},"content":{"rendered":"<div><img decoding=\"async\" width=\"512\" height=\"341\" src=\"https:\/\/linitiative.ca\/International\/wp-content\/uploads\/sites\/23\/2021\/08\/Barrage-coronavirus.jpg\" class=\"attachment-post-thumbnail size-post-thumbnail wp-post-image\" alt=\"\" loading=\"lazy\" srcset=\"https:\/\/linitiative.ca\/International\/wp-content\/uploads\/sites\/23\/2021\/08\/Barrage-coronavirus.jpg 512w, https:\/\/www.challenge.ma\/wp-content\/uploads\/2020\/10\/Barrage-coronavirus-300x200.jpg 300w, https:\/\/www.challenge.ma\/wp-content\/uploads\/2020\/10\/Barrage-coronavirus-360x240.jpg 360w\" sizes=\"auto, (max-width: 512px) 100vw, 512px\" itemprop=\"image\">Le Conseil de gouvernement, r\u00e9uni lundi \u00e0 Rabat, a d\u00e9cid\u00e9 de prolonger l\u2019\u00e9tat d\u2019urgence sanitaire sur l\u2019ensemble du territoire national jusqu\u2019au 31 octobre 2021. Ainsi, le Conseil a approuv\u00e9 le projet de d\u00e9cret n\u00b02.21.643 modifiant le d\u00e9cret n\u00b02.21.507 relatif \u00e0 la prorogation de la dur\u00e9e d\u2019effet de l\u2019\u00e9tat d\u2019urgence sanitaire<\/div>\n<p>Auteur: challenge<br \/>\n<a href=\"https:\/\/www.challenge.ma\/maroc-letat-durgence-sanitaire-a-nouveau-prolonge-196331\/\">Cliquez ici pour lire l&rsquo;article depuis sa source.<\/a><\/p>\n","protected":false},"excerpt":{"rendered":"<p>Le Conseil de gouvernement, r\u00e9uni lundi \u00e0 Rabat, a d\u00e9cid\u00e9 de prolonger l\u2019\u00e9tat d\u2019urgence sanitaire sur l\u2019ensemble du territoire national jusqu\u2019au 31 octobre 2021. Ainsi, le Conseil a approuv\u00e9 le projet de d\u00e9cret n\u00b02.21.643 modifiant le d\u00e9cret n\u00b02.21.507 relatif \u00e0 la prorogation de la dur\u00e9e d\u2019effet de l\u2019\u00e9tat d\u2019urgence sanitaire Auteur: challenge Cliquez ici pour [&hellip;]<\/p>\n","protected":false},"author":1787,"featured_media":0,"comment_status":"closed","ping_status":"closed","sticky":false,"template":"","format":"standard","meta":{"fifu_image_url":"https:\/\/www.challenge.ma\/wp-content\/uploads\/2020\/10\/Barrage-coronavirus.jpg","fifu_image_alt":"Maroc. L\u2019\u00e9tat d\u2019urgence sanitaire \u00e0 nouveau prolong\u00e9","footnotes":""},"categories":[78,54],"tags":[],"class_list":["post-124945","post","type-post","status-publish","format-standard","hentry","category-economie","category-maroc"],"_links":{"self":[{"href":"https:\/\/linitiative.ca\/International\/wp-json\/wp\/v2\/posts\/124945","targetHints":{"allow":["GET"]}}],"collection":[{"href":"https:\/\/linitiative.ca\/International\/wp-json\/wp\/v2\/posts"}],"about":[{"href":"https:\/\/linitiative.ca\/International\/wp-json\/wp\/v2\/types\/post"}],"author":[{"embeddable":true,"href":"https:\/\/linitiative.ca\/International\/wp-json\/wp\/v2\/users\/1787"}],"replies":[{"embeddable":true,"href":"https:\/\/linitiative.ca\/International\/wp-json\/wp\/v2\/comments?post=124945"}],"version-history":[{"count":0,"href":"https:\/\/linitiative.ca\/International\/wp-json\/wp\/v2\/posts\/124945\/revisions"}],"wp:attachment":[{"href":"https:\/\/linitiative.ca\/International\/wp-json\/wp\/v2\/media?parent=124945"}],"wp:term":[{"taxonomy":"category","embeddable":true,"href":"https:\/\/linitiative.ca\/International\/wp-json\/wp\/v2\/categories?post=124945"},{"taxonomy":"post_tag","embeddable":true,"href":"https:\/\/linitiative.ca\/International\/wp-json\/wp\/v2\/tags?post=124945"}],"curies":[{"name":"wp","href":"https:\/\/api.w.org\/{rel}","templated":true}]}}