{"id":124949,"date":"2021-08-23T16:12:49","date_gmt":"2021-08-23T20:12:49","guid":{"rendered":"https:\/\/linitiative.ca\/International\/deces-rachid-benabdallah-nous-a-quittes-par-fathallah-oualalou\/"},"modified":"2021-08-23T16:12:49","modified_gmt":"2021-08-23T20:12:49","slug":"deces-rachid-benabdallah-nous-a-quittes-par-fathallah-oualalou","status":"publish","type":"post","link":"https:\/\/linitiative.ca\/International\/deces-rachid-benabdallah-nous-a-quittes-par-fathallah-oualalou\/","title":{"rendered":"D\u00e9c\u00e8s. Rachid Benabdallah nous a quitt\u00e9s [Par Fathallah Oualalou]"},"content":{"rendered":"<div><img decoding=\"async\" width=\"1115\" height=\"1026\" src=\"https:\/\/linitiative.ca\/International\/wp-content\/uploads\/sites\/23\/2021\/08\/Bendabdallah.jpeg\" class=\"attachment-post-thumbnail size-post-thumbnail wp-post-image\" alt=\"\" loading=\"lazy\" srcset=\"https:\/\/linitiative.ca\/International\/wp-content\/uploads\/sites\/23\/2021\/08\/Bendabdallah.jpeg 1115w, https:\/\/www.challenge.ma\/wp-content\/uploads\/2021\/08\/Bendabdallah-300x276.jpeg 300w, https:\/\/www.challenge.ma\/wp-content\/uploads\/2021\/08\/Bendabdallah-1024x942.jpeg 1024w, https:\/\/www.challenge.ma\/wp-content\/uploads\/2021\/08\/Bendabdallah-768x707.jpeg 768w, https:\/\/www.challenge.ma\/wp-content\/uploads\/2021\/08\/Bendabdallah-360x331.jpeg 360w, https:\/\/www.challenge.ma\/wp-content\/uploads\/2021\/08\/Bendabdallah-750x690.jpeg 750w\" sizes=\"auto, (max-width: 1115px) 100vw, 1115px\" itemprop=\"image\">La mort le 20 ao\u00fbt dernier de mon ami Rachid Benabdallah, que Dieu lui accorde sa mis\u00e9ricorde, a \u00e9t\u00e9 v\u00e9cue comme un grand choc pour bon nombre de ses proches et de ses amis. Ce qui s\u2019est traduit par une immense tristesse qui a envahi tous ceux qui ont pu<\/div>\n<p>Auteur: challenge<br \/>\n<a href=\"https:\/\/www.challenge.ma\/deces-rachid-benabdallah-nous-a-quittes-par-fathallah-oualalou-196325\/\">Cliquez ici pour lire l&rsquo;article depuis sa source.<\/a><\/p>\n","protected":false},"excerpt":{"rendered":"<p>La mort le 20 ao\u00fbt dernier de mon ami Rachid Benabdallah, que Dieu lui accorde sa mis\u00e9ricorde, a \u00e9t\u00e9 v\u00e9cue comme un grand choc pour bon nombre de ses proches et de ses amis. Ce qui s\u2019est traduit par une immense tristesse qui a envahi tous ceux qui ont pu Auteur: challenge Cliquez ici pour [&hellip;]<\/p>\n","protected":false},"author":1787,"featured_media":0,"comment_status":"closed","ping_status":"closed","sticky":false,"template":"","format":"standard","meta":{"fifu_image_url":"https:\/\/www.challenge.ma\/wp-content\/uploads\/2021\/08\/Bendabdallah.jpeg","fifu_image_alt":"D\u00e9c\u00e8s. Rachid Benabdallah nous a quitt\u00e9s [Par Fathallah Oualalou]","footnotes":""},"categories":[78,54],"tags":[],"class_list":["post-124949","post","type-post","status-publish","format-standard","hentry","category-economie","category-maroc"],"_links":{"self":[{"href":"https:\/\/linitiative.ca\/International\/wp-json\/wp\/v2\/posts\/124949","targetHints":{"allow":["GET"]}}],"collection":[{"href":"https:\/\/linitiative.ca\/International\/wp-json\/wp\/v2\/posts"}],"about":[{"href":"https:\/\/linitiative.ca\/International\/wp-json\/wp\/v2\/types\/post"}],"author":[{"embeddable":true,"href":"https:\/\/linitiative.ca\/International\/wp-json\/wp\/v2\/users\/1787"}],"replies":[{"embeddable":true,"href":"https:\/\/linitiative.ca\/International\/wp-json\/wp\/v2\/comments?post=124949"}],"version-history":[{"count":0,"href":"https:\/\/linitiative.ca\/International\/wp-json\/wp\/v2\/posts\/124949\/revisions"}],"wp:attachment":[{"href":"https:\/\/linitiative.ca\/International\/wp-json\/wp\/v2\/media?parent=124949"}],"wp:term":[{"taxonomy":"category","embeddable":true,"href":"https:\/\/linitiative.ca\/International\/wp-json\/wp\/v2\/categories?post=124949"},{"taxonomy":"post_tag","embeddable":true,"href":"https:\/\/linitiative.ca\/International\/wp-json\/wp\/v2\/tags?post=124949"}],"curies":[{"name":"wp","href":"https:\/\/api.w.org\/{rel}","templated":true}]}}