{"id":124951,"date":"2021-08-23T16:07:59","date_gmt":"2021-08-23T20:07:59","guid":{"rendered":"https:\/\/linitiative.ca\/International\/walid-hajjem-confirme-larrestation-de-slim-riahi-en-grece\/"},"modified":"2021-08-23T16:07:59","modified_gmt":"2021-08-23T20:07:59","slug":"walid-hajjem-confirme-larrestation-de-slim-riahi-en-grece","status":"publish","type":"post","link":"https:\/\/linitiative.ca\/International\/walid-hajjem-confirme-larrestation-de-slim-riahi-en-grece\/","title":{"rendered":"Walid Hajjem confirme l\u2019arrestation de Slim Riahi en Gr\u00e8ce"},"content":{"rendered":"<div>\n<p>Lors de son intervention au JT de 20H00 d\u2019El Watania 1 TV du 23 ao\u00fbt 2021, le conseiller pr\u00e8s le pr\u00e9sident de la R\u00e9publique, Walid Hajjem a affirm\u00e9 ce, l\u2019arrestation de Slim Riahi en Gr\u00e8ce. En effet, l\u2019information de son arrestation a circul\u00e9 sur les r\u00e9seaux sociaux mais le concern\u00e9 l\u2019avait d\u00e9menti dans un post [\u2026]<\/p>\n<p>L\u2019article <a href=\"https:\/\/www.tunisienumerique.com\/urgent-walid-hajjem-confirme-larrestation-de-slim-riahi-en-grece\/\">Walid Hajjem confirme l\u2019arrestation de Slim Riahi en Gr\u00e8ce<\/a> est apparu en premier sur <a href=\"https:\/\/www.tunisienumerique.com\/\">Tunisie<\/a>.<\/p>\n<\/div>\n<p>Auteur: rania ben slimane<br \/>\n<a href=\"https:\/\/www.tunisienumerique.com\/urgent-walid-hajjem-confirme-larrestation-de-slim-riahi-en-grece\/\">Cliquez ici pour lire l&rsquo;article depuis sa source.<\/a><\/p>\n","protected":false},"excerpt":{"rendered":"<p>Lors de son intervention au JT de 20H00 d\u2019El Watania 1 TV du 23 ao\u00fbt 2021, le conseiller pr\u00e8s le pr\u00e9sident de la R\u00e9publique, Walid Hajjem a affirm\u00e9 ce, l\u2019arrestation de Slim Riahi en Gr\u00e8ce. En effet, l\u2019information de son arrestation a circul\u00e9 sur les r\u00e9seaux sociaux mais le concern\u00e9 l\u2019avait d\u00e9menti dans un post [&hellip;]<\/p>\n","protected":false},"author":1789,"featured_media":0,"comment_status":"closed","ping_status":"closed","sticky":false,"template":"","format":"standard","meta":{"fifu_image_url":"","fifu_image_alt":"","footnotes":""},"categories":[73,55],"tags":[],"class_list":["post-124951","post","type-post","status-publish","format-standard","hentry","category-actualite","category-tunisie"],"_links":{"self":[{"href":"https:\/\/linitiative.ca\/International\/wp-json\/wp\/v2\/posts\/124951","targetHints":{"allow":["GET"]}}],"collection":[{"href":"https:\/\/linitiative.ca\/International\/wp-json\/wp\/v2\/posts"}],"about":[{"href":"https:\/\/linitiative.ca\/International\/wp-json\/wp\/v2\/types\/post"}],"author":[{"embeddable":true,"href":"https:\/\/linitiative.ca\/International\/wp-json\/wp\/v2\/users\/1789"}],"replies":[{"embeddable":true,"href":"https:\/\/linitiative.ca\/International\/wp-json\/wp\/v2\/comments?post=124951"}],"version-history":[{"count":0,"href":"https:\/\/linitiative.ca\/International\/wp-json\/wp\/v2\/posts\/124951\/revisions"}],"wp:attachment":[{"href":"https:\/\/linitiative.ca\/International\/wp-json\/wp\/v2\/media?parent=124951"}],"wp:term":[{"taxonomy":"category","embeddable":true,"href":"https:\/\/linitiative.ca\/International\/wp-json\/wp\/v2\/categories?post=124951"},{"taxonomy":"post_tag","embeddable":true,"href":"https:\/\/linitiative.ca\/International\/wp-json\/wp\/v2\/tags?post=124951"}],"curies":[{"name":"wp","href":"https:\/\/api.w.org\/{rel}","templated":true}]}}