{"id":124954,"date":"2021-08-23T16:29:20","date_gmt":"2021-08-23T20:29:20","guid":{"rendered":"https:\/\/linitiative.ca\/International\/tunisie-vers-la-prolongation-des-mesures-prises-le-25-juillet-par-kais-saied\/"},"modified":"2021-08-23T16:29:20","modified_gmt":"2021-08-23T20:29:20","slug":"tunisie-vers-la-prolongation-des-mesures-prises-le-25-juillet-par-kais-saied","status":"publish","type":"post","link":"https:\/\/linitiative.ca\/International\/tunisie-vers-la-prolongation-des-mesures-prises-le-25-juillet-par-kais-saied\/","title":{"rendered":"Tunisie \u2013 Vers la prolongation des mesures prises le 25 juillet par Ka\u00efs Sa\u00efed"},"content":{"rendered":"<div>\n<p>Selon de nombreux observateurs, le pr\u00e9sident de la R\u00e9publique, Ka\u00efs Sa\u00efed, tendrait vers la prolongation des mesures qu\u2019il a annonc\u00e9es le 25 juillet dernier, dans le cadre de l\u2019activation de l\u2019article 80 de la constitution, notamment, le maintien du gel de l\u2019ARP et la lev\u00e9e de l\u2019immunit\u00e9 des d\u00e9put\u00e9s gel\u00e9s. A noter que la dur\u00e9e [\u2026]<\/p>\n<p>L\u2019article <a href=\"https:\/\/www.tunisienumerique.com\/tunisie-vers-la-prolongation-des-mesures-prises-le-25-juillet-par-kais-saied\/\">Tunisie \u2013 Vers la prolongation des mesures prises le 25 juillet par Ka\u00efs Sa\u00efed<\/a> est apparu en premier sur <a href=\"https:\/\/www.tunisienumerique.com\/\">Tunisie<\/a>.<\/p>\n<\/div>\n<p>Auteur: LM<br \/>\n<a href=\"https:\/\/www.tunisienumerique.com\/tunisie-vers-la-prolongation-des-mesures-prises-le-25-juillet-par-kais-saied\/\">Cliquez ici pour lire l&rsquo;article depuis sa source.<\/a><\/p>\n","protected":false},"excerpt":{"rendered":"<p>Selon de nombreux observateurs, le pr\u00e9sident de la R\u00e9publique, Ka\u00efs Sa\u00efed, tendrait vers la prolongation des mesures qu\u2019il a annonc\u00e9es le 25 juillet dernier, dans le cadre de l\u2019activation de l\u2019article 80 de la constitution, notamment, le maintien du gel de l\u2019ARP et la lev\u00e9e de l\u2019immunit\u00e9 des d\u00e9put\u00e9s gel\u00e9s. A noter que la dur\u00e9e [&hellip;]<\/p>\n","protected":false},"author":1789,"featured_media":0,"comment_status":"closed","ping_status":"closed","sticky":false,"template":"","format":"standard","meta":{"fifu_image_url":"","fifu_image_alt":"","footnotes":""},"categories":[73,55],"tags":[],"class_list":["post-124954","post","type-post","status-publish","format-standard","hentry","category-actualite","category-tunisie"],"_links":{"self":[{"href":"https:\/\/linitiative.ca\/International\/wp-json\/wp\/v2\/posts\/124954","targetHints":{"allow":["GET"]}}],"collection":[{"href":"https:\/\/linitiative.ca\/International\/wp-json\/wp\/v2\/posts"}],"about":[{"href":"https:\/\/linitiative.ca\/International\/wp-json\/wp\/v2\/types\/post"}],"author":[{"embeddable":true,"href":"https:\/\/linitiative.ca\/International\/wp-json\/wp\/v2\/users\/1789"}],"replies":[{"embeddable":true,"href":"https:\/\/linitiative.ca\/International\/wp-json\/wp\/v2\/comments?post=124954"}],"version-history":[{"count":0,"href":"https:\/\/linitiative.ca\/International\/wp-json\/wp\/v2\/posts\/124954\/revisions"}],"wp:attachment":[{"href":"https:\/\/linitiative.ca\/International\/wp-json\/wp\/v2\/media?parent=124954"}],"wp:term":[{"taxonomy":"category","embeddable":true,"href":"https:\/\/linitiative.ca\/International\/wp-json\/wp\/v2\/categories?post=124954"},{"taxonomy":"post_tag","embeddable":true,"href":"https:\/\/linitiative.ca\/International\/wp-json\/wp\/v2\/tags?post=124954"}],"curies":[{"name":"wp","href":"https:\/\/api.w.org\/{rel}","templated":true}]}}