{"id":124955,"date":"2021-08-23T16:56:09","date_gmt":"2021-08-23T20:56:09","guid":{"rendered":"https:\/\/linitiative.ca\/International\/tunisie-accuse-de-sedition-noureddine-bhiri-reagit\/"},"modified":"2021-08-23T16:56:09","modified_gmt":"2021-08-23T20:56:09","slug":"tunisie-accuse-de-sedition-noureddine-bhiri-reagit","status":"publish","type":"post","link":"https:\/\/linitiative.ca\/International\/tunisie-accuse-de-sedition-noureddine-bhiri-reagit\/","title":{"rendered":"Tunisie : Accus\u00e9 de s\u00e9dition, Noureddine Bhiri r\u00e9agit"},"content":{"rendered":"<div>\n<p>Le dirigeant du mouvement Ennahdha par ailleurs, d\u00e9put\u00e9 gel\u00e9, Noureddine Bhiri, a r\u00e9agi dans un post publi\u00e9 sur sa page ce soir 23 ao\u00fbt 2021, \u00e0 des rumeurs l\u2019ayant accus\u00e9 d\u2019avoir planifi\u00e9 des s\u00e9ditions pour semer le trouble en Tunisie. Bhiri a assur\u00e9 qu\u2019il s\u2019agit de fausses all\u00e9gations, accusant le journal ayant relay\u00e9e l\u2019intox. \u00ab\u00a0Ce [\u2026]<\/p>\n<p>L\u2019article <a href=\"https:\/\/www.tunisienumerique.com\/tunisie-accuse-de-sedition-noureddine-bhiri-reagi\/\">Tunisie : Accus\u00e9 de s\u00e9dition, Noureddine Bhiri r\u00e9agit<\/a> est apparu en premier sur <a href=\"https:\/\/www.tunisienumerique.com\/\">Tunisie<\/a>.<\/p>\n<\/div>\n<p>Auteur: rania ben slimane<br \/>\n<a href=\"https:\/\/www.tunisienumerique.com\/tunisie-accuse-de-sedition-noureddine-bhiri-reagi\/\">Cliquez ici pour lire l&rsquo;article depuis sa source.<\/a><\/p>\n","protected":false},"excerpt":{"rendered":"<p>Le dirigeant du mouvement Ennahdha par ailleurs, d\u00e9put\u00e9 gel\u00e9, Noureddine Bhiri, a r\u00e9agi dans un post publi\u00e9 sur sa page ce soir 23 ao\u00fbt 2021, \u00e0 des rumeurs l\u2019ayant accus\u00e9 d\u2019avoir planifi\u00e9 des s\u00e9ditions pour semer le trouble en Tunisie. Bhiri a assur\u00e9 qu\u2019il s\u2019agit de fausses all\u00e9gations, accusant le journal ayant relay\u00e9e l\u2019intox. \u00ab\u00a0Ce [&hellip;]<\/p>\n","protected":false},"author":1789,"featured_media":0,"comment_status":"closed","ping_status":"closed","sticky":false,"template":"","format":"standard","meta":{"fifu_image_url":"","fifu_image_alt":"","footnotes":""},"categories":[73,55],"tags":[],"class_list":["post-124955","post","type-post","status-publish","format-standard","hentry","category-actualite","category-tunisie"],"_links":{"self":[{"href":"https:\/\/linitiative.ca\/International\/wp-json\/wp\/v2\/posts\/124955","targetHints":{"allow":["GET"]}}],"collection":[{"href":"https:\/\/linitiative.ca\/International\/wp-json\/wp\/v2\/posts"}],"about":[{"href":"https:\/\/linitiative.ca\/International\/wp-json\/wp\/v2\/types\/post"}],"author":[{"embeddable":true,"href":"https:\/\/linitiative.ca\/International\/wp-json\/wp\/v2\/users\/1789"}],"replies":[{"embeddable":true,"href":"https:\/\/linitiative.ca\/International\/wp-json\/wp\/v2\/comments?post=124955"}],"version-history":[{"count":0,"href":"https:\/\/linitiative.ca\/International\/wp-json\/wp\/v2\/posts\/124955\/revisions"}],"wp:attachment":[{"href":"https:\/\/linitiative.ca\/International\/wp-json\/wp\/v2\/media?parent=124955"}],"wp:term":[{"taxonomy":"category","embeddable":true,"href":"https:\/\/linitiative.ca\/International\/wp-json\/wp\/v2\/categories?post=124955"},{"taxonomy":"post_tag","embeddable":true,"href":"https:\/\/linitiative.ca\/International\/wp-json\/wp\/v2\/tags?post=124955"}],"curies":[{"name":"wp","href":"https:\/\/api.w.org\/{rel}","templated":true}]}}