{"id":124957,"date":"2021-08-22T23:39:56","date_gmt":"2021-08-23T03:39:56","guid":{"rendered":"https:\/\/linitiative.ca\/International\/la-victoire-de-la-patience\/"},"modified":"2021-08-22T23:39:56","modified_gmt":"2021-08-23T03:39:56","slug":"la-victoire-de-la-patience","status":"publish","type":"post","link":"https:\/\/linitiative.ca\/International\/la-victoire-de-la-patience\/","title":{"rendered":"La victoire  de la patience"},"content":{"rendered":"<div>\n<p>La providence est parfois interpellatrice. Elle se r\u00e9v\u00e8le aux Hommes et leur sert une dose de le\u00e7on. Le 11 octobre 2021, ceux qui, 34 ans plus t\u00f4t, se r\u00e9jouissaient d\u2019avoir mis fin \u00e0 la R\u00e9volution au Burkina, devront r\u00e9pondre de leurs actes devant la justice. A cette date, les 14 pr\u00e9venus dans l\u2019assassinat de l\u2019ancien Pr\u00e9sident du Faso, Thomas Sankara, le 15 octobre 1987, vont commencer \u00e0 d\u00e9filer \u00e0 la barre, sauf changement de derni\u00e8re minute. Le temps est et restera toujours ma\u00eetre du jeu des Hommes. Il va \u00e0 son rythme, contribue \u00e0 d\u00e9rouler des histoires, bonnes ou mauvaises. Mais rien ne peut l\u2019arr\u00eater. On a tous en m\u00e9moire cette belle m\u00e9taphore \u00ab Oh temps suspend ton envol \u00bb. Le temps ne changera rien \u00e0 son allure vers l\u2019infini.<\/p>\n<p>La communaut\u00e9 internationale aura les yeux braqu\u00e9s sur le Burkina, le 11 octobre prochain. La justice prendra ses responsabilit\u00e9s. Ceux qui en doutent, n\u2019ont qu\u2019\u00e0 se rappeler que c\u2019est un digne fils du Burkina, le juge Gberdao Gustave Kam, que la pr\u00e9sidente de la Commission de l\u2019Union africaine, Nkosazana Dlamini-Zuma, avait nomm\u00e9 pour pr\u00e9sider la Cour d\u2019assises des Chambres africaines extraordinaires. Celui-ci avait conduit avec succ\u00e8s, pendant dix mois, le proc\u00e8s de l\u2019ex-Pr\u00e9sident tchadien, Hiss\u00e8ne Habr\u00e9, au S\u00e9n\u00e9gal. Il y a quelques semaines, au Burkina, la justice a rendu des verdicts dans le proc\u00e8s de pr\u00e9sum\u00e9s terroristes. Ils ont comparu comme tout accus\u00e9, dans le respect de leurs droits. Quelle preuve faut-il encore exhiber pour convaincre que le Burkina est un Etat de droit ? C\u2019est dans cet environnement juridique que les \u00ab vainqueurs \u00bb de la date fatidique du 15 octobre 1987 se retrouveront pour affronter la justice de leur pays. Le proc\u00e8s Sankara est dans le fond, une victoire de la r\u00e9silience et de la patience. Qui l\u2019e\u00fbt cru ? Qui aurait pu imaginer qu\u2019un jour, les Burkinab\u00e8 et la communaut\u00e9 internationale verront d\u00e9filer \u00e0 la barre des t\u00e9moins ou pr\u00e9sum\u00e9s commanditaires de l\u2019assassinat de Thomas Sankara. Dans ce proc\u00e8s, on le pr\u00e9sume, tout sera mis en \u0153uvre pour que personne ne soit l\u00e9s\u00e9. Le pays des Hommes int\u00e8gres joue encore dans la cour des grandes Nations qui savent s\u2019assumer en toute circonstance. Les Burkinab\u00e8 sont donc tout ou\u00efe, pour cet autre jour historique qui s\u2019annonce.<\/p>\n<p>Ce sera assur\u00e9ment des moments de souvenirs de Thomas Sankara et de ses compagnons. Eux qui, un an apr\u00e8s la nuit historique du 4 ao\u00fbt 1983, avaient rebaptis\u00e9 la Haute-Volta, Burkina Faso, pays des Hommes int\u00e8gres. Un nom qui colle \u00e0 son porteur comme l\u2019\u00e9corce \u00e0 l\u2019arbre. De la Haute-Volta au Burkina Faso, le monde entier d\u00e9couvrait ce pays qu\u2019un certain Ren\u00e9 Dumont avait voulu morcel\u00e9 en 1932, parce \u00abqu\u2019invivable \u00bb. Ce fut une erreur de jugement. Ce pays-l\u00e0 allait sonner le r\u00e9veil du tiers-monde, allant jusqu\u2019\u00e0 se faire des amis dans des Etats d\u00e9crits comme \u00ab imp\u00e9rialistes \u00bb. Mais le mythe de Cronos n\u2019a pas tard\u00e9 \u00e0 s\u2019abattre sur le Burkina. Alors, qu\u2019est-ce qui a amen\u00e9 certains de ses fils \u00e0 assassiner le p\u00e8re de la R\u00e9volution ? Le proc\u00e8s Thomas-Sankara est tr\u00e8s attendu par les Burkinab\u00e8 qui veulent conna\u00eetre la v\u00e9rit\u00e9 sur la trag\u00e9die du Conseil de l\u2019Entente. Par Mahamadi TIEGNA mahamaditiegna@yahoo.fr<\/p>\n<p>L\u2019article <a rel=\"nofollow\" href=\"https:\/\/www.sidwaya.info\/blog\/2021\/08\/23\/la-victoire-de-la-patience\/\">La victoire  de la patience<\/a> est apparu en premier sur <a rel=\"nofollow\" href=\"https:\/\/www.sidwaya.info\/\">Quotidien Sidwaya<\/a>.<\/p>\n<\/div>\n<p>Auteur: BM. Sidwaya<br \/>\n<a href=\"https:\/\/www.sidwaya.info\/blog\/2021\/08\/23\/la-victoire-de-la-patience\/\">Cliquez ici pour lire l&rsquo;article depuis sa source.<\/a><\/p>\n","protected":false},"excerpt":{"rendered":"<p>La providence est parfois interpellatrice. Elle se r\u00e9v\u00e8le aux Hommes et leur sert une dose de le\u00e7on. Le 11 octobre 2021, ceux qui, 34 ans plus t\u00f4t, se r\u00e9jouissaient d\u2019avoir mis fin \u00e0 la R\u00e9volution au Burkina, devront r\u00e9pondre de leurs actes devant la justice. A cette date, les 14 pr\u00e9venus dans l\u2019assassinat de l\u2019ancien [&hellip;]<\/p>\n","protected":false},"author":1816,"featured_media":0,"comment_status":"closed","ping_status":"closed","sticky":false,"template":"","format":"standard","meta":{"fifu_image_url":"","fifu_image_alt":"","footnotes":""},"categories":[73,81],"tags":[],"class_list":["post-124957","post","type-post","status-publish","format-standard","hentry","category-actualite","category-burkina-faso"],"_links":{"self":[{"href":"https:\/\/linitiative.ca\/International\/wp-json\/wp\/v2\/posts\/124957","targetHints":{"allow":["GET"]}}],"collection":[{"href":"https:\/\/linitiative.ca\/International\/wp-json\/wp\/v2\/posts"}],"about":[{"href":"https:\/\/linitiative.ca\/International\/wp-json\/wp\/v2\/types\/post"}],"author":[{"embeddable":true,"href":"https:\/\/linitiative.ca\/International\/wp-json\/wp\/v2\/users\/1816"}],"replies":[{"embeddable":true,"href":"https:\/\/linitiative.ca\/International\/wp-json\/wp\/v2\/comments?post=124957"}],"version-history":[{"count":0,"href":"https:\/\/linitiative.ca\/International\/wp-json\/wp\/v2\/posts\/124957\/revisions"}],"wp:attachment":[{"href":"https:\/\/linitiative.ca\/International\/wp-json\/wp\/v2\/media?parent=124957"}],"wp:term":[{"taxonomy":"category","embeddable":true,"href":"https:\/\/linitiative.ca\/International\/wp-json\/wp\/v2\/categories?post=124957"},{"taxonomy":"post_tag","embeddable":true,"href":"https:\/\/linitiative.ca\/International\/wp-json\/wp\/v2\/tags?post=124957"}],"curies":[{"name":"wp","href":"https:\/\/api.w.org\/{rel}","templated":true}]}}