{"id":124963,"date":"2021-08-23T13:18:02","date_gmt":"2021-08-23T17:18:02","guid":{"rendered":"https:\/\/linitiative.ca\/International\/senegal-la-caution-pour-les-elections-territoriales-connue\/"},"modified":"2021-08-23T13:18:02","modified_gmt":"2021-08-23T17:18:02","slug":"senegal-la-caution-pour-les-elections-territoriales-connue","status":"publish","type":"post","link":"https:\/\/linitiative.ca\/International\/senegal-la-caution-pour-les-elections-territoriales-connue\/","title":{"rendered":"S\u00e9n\u00e9gal : la caution pour les \u00e9lections territoriales connue"},"content":{"rendered":"<div>\n<p><img loading=\"lazy\" decoding=\"async\" width=\"304\" height=\"166\" src=\"https:\/\/linitiative.ca\/International\/wp-content\/uploads\/sites\/23\/2021\/08\/16297390826225.jpg\" class=\"attachment-post-thumbnail size-post-thumbnail wp-post-image\" alt=\"\" srcset=\"https:\/\/linitiative.ca\/International\/wp-content\/uploads\/sites\/23\/2021\/08\/16297390826225.jpg 304w, https:\/\/www.journalducameroun.com\/wp-content\/uploads\/2021\/08\/16297390826225-300x164.jpg 300w\" sizes=\"auto, (max-width: 304px) 100vw, 304px\"><\/p>\n<p>Le minist\u00e8re de l&rsquo;int\u00e9rieur, dans un arr\u00eat\u00e9 rendu public ce lundi, a fix\u00e9 \u00e0 15 millions la caution pour participer aux prochaines \u00e9lections municipales et d\u00e9partementales de 2022.Antoine Diome n&rsquo;aura finalement acc\u00e9d\u00e9 \u00e0 aucune des propositions faites par la mouvance pr\u00e9sidentielle et l&rsquo;opposition. La premi\u00e8re avait demand\u00e9 \u00e0 ce que la caution pour les Locales soit fix\u00e9e \u00e0 20 millions, alors que la seconde plaidait pour 5 millions.<\/p>\n<p>Faute de consensus entre les diff\u00e9rents acteurs, le ministre de l&rsquo;int\u00e9rieur a donc fix\u00e9 le montant \u00e0 verser pour participer \u00e0 ces joutes \u00e9lectorales \u00e0 15 millions de FCFA pour chaque type d&rsquo;\u00e9lection. \u00a0<\/p>\n<p>Selon l&rsquo;arr\u00eat\u00e9, cette somme est \u00e0 verser \u00e0 la Caisse de d\u00e9p\u00f4ts et consignations pour chaque type d&rsquo;\u00e9lection et par chaque liste quel que soit le nombre de d\u00e9partements ou de communes o\u00f9 la liste de candidats se pr\u00e9sente. \u00a0<\/p>\n<p>Cette caution est d\u00e9pos\u00e9e par le mandataire au nom d&rsquo;un parti politique l\u00e9galement constitu\u00e9, d&rsquo;une coalition de partis politiques l\u00e9galement constitu\u00e9s ou d&rsquo;une entit\u00e9 regroupant des personnes ind\u00e9pendantes, pr\u00e9cise le document.<\/p>\n<p>Cet article <a rel=\"nofollow\" href=\"https:\/\/www.journalducameroun.com\/senegal-la-caution-pour-les-elections-territoriales-connue\/\">S\u00e9n\u00e9gal : la caution pour les \u00e9lections territoriales connue<\/a> est apparu en premier sur <a rel=\"nofollow\" href=\"https:\/\/www.journalducameroun.com\/\">Journal du Cameroun<\/a>.<\/p>\n<\/div>\n<p>Auteur: APA News<br \/>\n<a href=\"https:\/\/www.journalducameroun.com\/senegal-la-caution-pour-les-elections-territoriales-connue\/\">Cliquez ici pour lire l&rsquo;article depuis sa source.<\/a><\/p>\n","protected":false},"excerpt":{"rendered":"<p>Le minist\u00e8re de l&rsquo;int\u00e9rieur, dans un arr\u00eat\u00e9 rendu public ce lundi, a fix\u00e9 \u00e0 15 millions la caution pour participer aux prochaines \u00e9lections municipales et d\u00e9partementales de 2022.Antoine Diome n&rsquo;aura finalement acc\u00e9d\u00e9 \u00e0 aucune des propositions faites par la mouvance pr\u00e9sidentielle et l&rsquo;opposition. La premi\u00e8re avait demand\u00e9 \u00e0 ce que la caution pour les Locales [&hellip;]<\/p>\n","protected":false},"author":1965,"featured_media":0,"comment_status":"closed","ping_status":"closed","sticky":false,"template":"","format":"standard","meta":{"fifu_image_url":"https:\/\/www.journalducameroun.com\/wp-content\/uploads\/2021\/08\/16297390826225.jpg","fifu_image_alt":"S\u00e9n\u00e9gal : la caution pour les \u00e9lections territoriales connue","footnotes":""},"categories":[73,82],"tags":[],"class_list":["post-124963","post","type-post","status-publish","format-standard","hentry","category-actualite","category-cameroun"],"_links":{"self":[{"href":"https:\/\/linitiative.ca\/International\/wp-json\/wp\/v2\/posts\/124963","targetHints":{"allow":["GET"]}}],"collection":[{"href":"https:\/\/linitiative.ca\/International\/wp-json\/wp\/v2\/posts"}],"about":[{"href":"https:\/\/linitiative.ca\/International\/wp-json\/wp\/v2\/types\/post"}],"author":[{"embeddable":true,"href":"https:\/\/linitiative.ca\/International\/wp-json\/wp\/v2\/users\/1965"}],"replies":[{"embeddable":true,"href":"https:\/\/linitiative.ca\/International\/wp-json\/wp\/v2\/comments?post=124963"}],"version-history":[{"count":0,"href":"https:\/\/linitiative.ca\/International\/wp-json\/wp\/v2\/posts\/124963\/revisions"}],"wp:attachment":[{"href":"https:\/\/linitiative.ca\/International\/wp-json\/wp\/v2\/media?parent=124963"}],"wp:term":[{"taxonomy":"category","embeddable":true,"href":"https:\/\/linitiative.ca\/International\/wp-json\/wp\/v2\/categories?post=124963"},{"taxonomy":"post_tag","embeddable":true,"href":"https:\/\/linitiative.ca\/International\/wp-json\/wp\/v2\/tags?post=124963"}],"curies":[{"name":"wp","href":"https:\/\/api.w.org\/{rel}","templated":true}]}}