{"id":124965,"date":"2021-08-23T13:32:27","date_gmt":"2021-08-23T17:32:27","guid":{"rendered":"https:\/\/linitiative.ca\/International\/cameroun-antonio-conceicao-fabrice-ondoa-ne-joue-pas-depuis-deux-ans-je-ne-peux-me-permettre-de-le-selectionner\/"},"modified":"2021-08-23T13:32:27","modified_gmt":"2021-08-23T17:32:27","slug":"cameroun-antonio-conceicao-fabrice-ondoa-ne-joue-pas-depuis-deux-ans-je-ne-peux-me-permettre-de-le-selectionner","status":"publish","type":"post","link":"https:\/\/linitiative.ca\/International\/cameroun-antonio-conceicao-fabrice-ondoa-ne-joue-pas-depuis-deux-ans-je-ne-peux-me-permettre-de-le-selectionner\/","title":{"rendered":"Cameroun \u2013 Antonio Concei\u00e7ao : \u00ab Fabrice Ondoa ne joue pas depuis deux ans, je ne peux me permettre de le s\u00e9lectionner  \u00bb"},"content":{"rendered":"<div>\n<p><img loading=\"lazy\" decoding=\"async\" width=\"796\" height=\"526\" src=\"https:\/\/linitiative.ca\/International\/wp-content\/uploads\/sites\/23\/2021\/08\/Antonio-ConceiC3A7ao-sC3A9lectionneur-des-Lions-indomptables-e1629739932807.jpg\" class=\"attachment-post-thumbnail size-post-thumbnail wp-post-image\" alt=\"\" srcset=\"https:\/\/linitiative.ca\/International\/wp-content\/uploads\/sites\/23\/2021\/08\/Antonio-ConceiC3A7ao-sC3A9lectionneur-des-Lions-indomptables-e1629739932807.jpg 796w, https:\/\/www.journalducameroun.com\/wp-content\/uploads\/2020\/09\/Antonio-Concei\u00e7ao-s\u00e9lectionneur-des-Lions-indomptables-e1629739932807-300x198.jpg 300w, https:\/\/www.journalducameroun.com\/wp-content\/uploads\/2020\/09\/Antonio-Concei\u00e7ao-s\u00e9lectionneur-des-Lions-indomptables-e1629739932807-768x507.jpg 768w, https:\/\/www.journalducameroun.com\/wp-content\/uploads\/2020\/09\/Antonio-Concei\u00e7ao-s\u00e9lectionneur-des-Lions-indomptables-e1629739932807-666x440.jpg 666w, https:\/\/www.journalducameroun.com\/wp-content\/uploads\/2020\/09\/Antonio-Concei\u00e7ao-s\u00e9lectionneur-des-Lions-indomptables-e1629739932807-600x396.jpg 600w\" sizes=\"auto, (max-width: 796px) 100vw, 796px\"><\/p>\n<h5 style=\"text-align: justify;\">L\u2019entraineur des Lions indomptables s\u2019est exprim\u00e9 ce 23 ao\u00fbt 2021 au sujet du gardien de but, absent de la liste des 28 joueurs convoqu\u00e9s pour les \u00e9liminatoires de la Coupe u monde Qatar 2021.<\/h5>\n<p style=\"text-align: justify;\">\n<p style=\"text-align: justify;\">Pr\u00e9sent lors du dernier regroupement de juin\u00a0 pour affronter le Nig\u00e9ria en aller-retour (1-0\u00a0; O-0), <strong>Fabrice Ondoa<\/strong> n\u2019a plus \u00e9t\u00e9 convoqu\u00e9. \u00a0Le vainqueur de la <strong>CAN 2017<\/strong> remport\u00e9e \u00a0au <strong>Gabon<\/strong> est absent de la liste des 28 appel\u00e9s pour d\u00e9marrer la phase des \u00e9liminatoires de la Coupe du monde.<\/p>\n<p style=\"text-align: justify;\">Face\u00a0 \u00e0 la presse ce lundi \u00e0 Yaound\u00e9, le technicien portugais <strong>Antonio Concei\u00e7ao<\/strong> s\u2019est expliqu\u00e9 sur la situation dans sa cage. \u00a0\u00ab\u00a0<em>Les gardiens que nous avons appel\u00e9s, ont \u00a0enti\u00e8rement notre confiance. Par rapport \u00e0 la situation de Fabrice Ondoa, je sais que c\u2019est un bon gardien qui a apport\u00e9 beaucoup au pays et qui a beaucoup de qualit\u00e9s. \u00a0Aujourd\u2019hui on doit \u00eatre objectif, \u00e7a fait deux ans qu\u2019il ne joue pas, qu\u2019il n\u2019est pas comp\u00e9titif, actuellement il n\u2019a pas de club. On ne peut pas se permettre en tant que \u00e9quipe nationale de convoquer un joueur qui n\u2018a pas de club et ne s\u2019entraine pas avec un groupe de travail<\/em>\u00a0\u00bb, a d\u00e9clar\u00e9 le s\u00e9lectionneur national.<\/p>\n<p style=\"text-align: justify;\">Les trois gardiens appel\u00e9s sont :\u00a0<strong>Simon Omossola<\/strong>, d\u2019AS Vita Club au Congo, <strong>Epassy Devis<\/strong> d\u2019OFI Cr\u00e8te en Gr\u00e8ce, \u00a0<strong>Efalla Komguep<\/strong> Jean d\u2019Akwa United au Nigeria, <strong>Narcisse Nlend<\/strong> de Coton sport de Garoua.<\/p>\n<p style=\"text-align: justify;\">Le \u00a0gardien <strong>Andr\u00e9 Onana<\/strong> toujours sous le coup d\u2019une sanction, reste sur les petits papiers du s\u00e9lectionneur Concei\u00e7ao. \u00ab\u00a0 <em>Vous le savez tous, il a eu une suspension qui touche \u00e0 sa fin. Il va pouvoir reprendre les entrainements collectifs \u00a0dans les prochains jours avec son club, et pouvoir \u00eatre apte \u00e0 faire la comp\u00e9tition fin octobre d\u00e9but novembre. Pour le moment on va se focaliser sur les joueurs qu\u2019on a<\/em>\u00a0\u00bb.<\/p>\n<p style=\"text-align: justify;\">Sur le processus de s\u00e9lection des joueurs, \u00a0le patron du banc de touche indique\u00a0 : \u00ab<em>\u00a0on fait un \u00e9norme travail d\u2019observation et d\u2019analyse pour avoir le maximum d\u2019informations. On est en contact permanent \u00a0avec les joueurs pour savoir comment \u00e7a se passe en club, dans leur vie familiale, on est en contact avec les clubs, les entraineurs, les m\u00e9decins. A partir de toutes ces informations recueillies, les prestations que les joueurs ont en club et avec ce qu\u2019ils nous ont d\u00e9montr\u00e9 ici en s\u00e9lection, ont fait les choix.<\/em>\u00a0\u00bb<\/p>\n<p>Cet article <a rel=\"nofollow\" href=\"https:\/\/www.journalducameroun.com\/cameroun-antonio-conceicao-fabrice-ondoa-ne-joue-pas-depuis-deux-ans-je-ne-peux-me-permettre-de-le-selectionner-cameroun\/\">Cameroun \u2013 Antonio Concei\u00e7ao : \u00ab Fabrice Ondoa ne joue pas depuis deux ans, je ne peux me permettre de le s\u00e9lectionner  \u00bb<\/a> est apparu en premier sur <a rel=\"nofollow\" href=\"https:\/\/www.journalducameroun.com\/\">Journal du Cameroun<\/a>.<\/p>\n<\/div>\n<p>Auteur: Christian DJIMADEU<br \/>\n<a href=\"https:\/\/www.journalducameroun.com\/cameroun-antonio-conceicao-fabrice-ondoa-ne-joue-pas-depuis-deux-ans-je-ne-peux-me-permettre-de-le-selectionner-cameroun\/\">Cliquez ici pour lire l&rsquo;article depuis sa source.<\/a><\/p>\n","protected":false},"excerpt":{"rendered":"<p>L\u2019entraineur des Lions indomptables s\u2019est exprim\u00e9 ce 23 ao\u00fbt 2021 au sujet du gardien de but, absent de la liste des 28 joueurs convoqu\u00e9s pour les \u00e9liminatoires de la Coupe u monde Qatar 2021. Pr\u00e9sent lors du dernier regroupement de juin\u00a0 pour affronter le Nig\u00e9ria en aller-retour (1-0\u00a0; O-0), Fabrice Ondoa n\u2019a plus \u00e9t\u00e9 convoqu\u00e9. [&hellip;]<\/p>\n","protected":false},"author":1965,"featured_media":0,"comment_status":"closed","ping_status":"closed","sticky":false,"template":"","format":"standard","meta":{"fifu_image_url":"https:\/\/www.journalducameroun.com\/wp-content\/uploads\/2020\/09\/Antonio-Concei\u00e7ao-s\u00e9lectionneur-des-Lions-indomptables-e1629739932807.jpg","fifu_image_alt":"Cameroun \u2013 Antonio Concei\u00e7ao : \u00ab Fabrice Ondoa ne joue pas depuis deux ans, je ne peux me permettre de le s\u00e9lectionner  \u00bb","footnotes":""},"categories":[73,82],"tags":[],"class_list":["post-124965","post","type-post","status-publish","format-standard","hentry","category-actualite","category-cameroun"],"_links":{"self":[{"href":"https:\/\/linitiative.ca\/International\/wp-json\/wp\/v2\/posts\/124965","targetHints":{"allow":["GET"]}}],"collection":[{"href":"https:\/\/linitiative.ca\/International\/wp-json\/wp\/v2\/posts"}],"about":[{"href":"https:\/\/linitiative.ca\/International\/wp-json\/wp\/v2\/types\/post"}],"author":[{"embeddable":true,"href":"https:\/\/linitiative.ca\/International\/wp-json\/wp\/v2\/users\/1965"}],"replies":[{"embeddable":true,"href":"https:\/\/linitiative.ca\/International\/wp-json\/wp\/v2\/comments?post=124965"}],"version-history":[{"count":0,"href":"https:\/\/linitiative.ca\/International\/wp-json\/wp\/v2\/posts\/124965\/revisions"}],"wp:attachment":[{"href":"https:\/\/linitiative.ca\/International\/wp-json\/wp\/v2\/media?parent=124965"}],"wp:term":[{"taxonomy":"category","embeddable":true,"href":"https:\/\/linitiative.ca\/International\/wp-json\/wp\/v2\/categories?post=124965"},{"taxonomy":"post_tag","embeddable":true,"href":"https:\/\/linitiative.ca\/International\/wp-json\/wp\/v2\/tags?post=124965"}],"curies":[{"name":"wp","href":"https:\/\/api.w.org\/{rel}","templated":true}]}}