{"id":124967,"date":"2021-08-23T14:19:43","date_gmt":"2021-08-23T18:19:43","guid":{"rendered":"https:\/\/linitiative.ca\/International\/cameroun-guy-parfait-songue-tient-son-diplome-post-doctoral\/"},"modified":"2021-08-23T14:19:43","modified_gmt":"2021-08-23T18:19:43","slug":"cameroun-guy-parfait-songue-tient-son-diplome-post-doctoral","status":"publish","type":"post","link":"https:\/\/linitiative.ca\/International\/cameroun-guy-parfait-songue-tient-son-diplome-post-doctoral\/","title":{"rendered":"Cameroun : Guy Parfait Songue tient son dipl\u00f4me post-doctoral"},"content":{"rendered":"<div>\n<p><img loading=\"lazy\" decoding=\"async\" width=\"1280\" height=\"720\" src=\"https:\/\/linitiative.ca\/International\/wp-content\/uploads\/sites\/23\/2021\/08\/Guy-Parfait-Songue.jpg\" class=\"attachment-post-thumbnail size-post-thumbnail wp-post-image\" alt=\"\" srcset=\"https:\/\/linitiative.ca\/International\/wp-content\/uploads\/sites\/23\/2021\/08\/Guy-Parfait-Songue.jpg 1280w, https:\/\/www.journalducameroun.com\/wp-content\/uploads\/2021\/08\/Guy-Parfait-Songue-300x169.jpg 300w, https:\/\/www.journalducameroun.com\/wp-content\/uploads\/2021\/08\/Guy-Parfait-Songue-768x432.jpg 768w, https:\/\/www.journalducameroun.com\/wp-content\/uploads\/2021\/08\/Guy-Parfait-Songue-1024x576.jpg 1024w, https:\/\/www.journalducameroun.com\/wp-content\/uploads\/2021\/08\/Guy-Parfait-Songue-780x440.jpg 780w, https:\/\/www.journalducameroun.com\/wp-content\/uploads\/2021\/08\/Guy-Parfait-Songue-380x215.jpg 380w, https:\/\/www.journalducameroun.com\/wp-content\/uploads\/2021\/08\/Guy-Parfait-Songue-160x90.jpg 160w, https:\/\/www.journalducameroun.com\/wp-content\/uploads\/2021\/08\/Guy-Parfait-Songue-240x135.jpg 240w, https:\/\/www.journalducameroun.com\/wp-content\/uploads\/2021\/08\/Guy-Parfait-Songue-782x440.jpg 782w, https:\/\/www.journalducameroun.com\/wp-content\/uploads\/2021\/08\/Guy-Parfait-Songue-600x338.jpg 600w\" sizes=\"auto, (max-width: 1280px) 100vw, 1280px\"><\/p>\n<h5 style=\"text-align: justify;\">Attendu depuis sept ans, l\u2019Universit\u00e9 panafricaine de la renaissance (<em><strong>Per Ankh<\/strong><\/em>\u00a0Uhem\u00a0<em><strong>Mesut<\/strong><\/em>)\u00a0bas\u00e9e \u00e0 Paris en France vient de lui d\u00e9livrer le pr\u00e9cieux s\u00e9same. Attestant par ailleurs qu\u2019il f\u00fbt major des majors en 2014.<\/h5>\n<p style=\"text-align: justify;\">\n<p style=\"text-align: justify;\">Son dipl\u00f4me a \u00e9t\u00e9 sign\u00e9 par le professeur <strong>Gr\u00e9goire Beyogo<\/strong> le 18 juillet 2021. Il reconnait qu\u2019entre \u00a02013 et 2014, \u00a0le candidat Songue a \u00e9t\u00e9 major des majors \u00e0 l\u2019issue d\u2019un s\u00e9minaire doctoral et post-doctoral \u00a0en m\u00e9thodologie de la recherche, politologie, philosophie, \u00e9gyptologie et \u00e9pist\u00e9mologie.<\/p>\n<p style=\"text-align: justify;\"><strong>Guy Parfait Songue<\/strong> est fier de brandir son dipl\u00f4me et estime que justice vient d\u2019\u00eatre rendue sur un vieux dossier acad\u00e9mique. Car il \u00e9tait en attente dudit dipl\u00f4me depuis 7 ans.<\/p>\n<p style=\"text-align: justify;\">Selon lui, sa d\u00e9livrance a train\u00e9 en raison \u00ab\u00a0de tr\u00e8s grandes activit\u00e9s t\u00e9n\u00e9breuses men\u00e9es par des gouvernants camerounais et fran\u00e7ais\u00a0\u00bb afin dit-il de l&rsquo;an\u00e9antir, \u00ab\u00a0<em>et que jamais il ne soit pas solennellement su que j&rsquo;ai \u00e9t\u00e9 major des majors dans un programme post-doctoral international<\/em>\u00a0\u00bb, affirme celui qui avait pr\u00e9tendu sur la base de ses \u00ab\u00a0visions proph\u00e9tiques\u00a0\u00bb que Paul Biya ne serait pas candidat \u00e0 la pr\u00e9sidentielle de 2018.<\/p>\n<p style=\"text-align: justify;\">A noter que le dipl\u00f4me de l\u2019Universit\u00e9 panafricaine de la renaissance (<em><strong>Per Ankh<\/strong><\/em>\u00a0Uhem\u00a0<em><strong>Mesut<\/strong><\/em>)\u00a0fait de Guy Parfait un chercheur et enseignant.<\/p>\n<p>Cet article <a rel=\"nofollow\" href=\"https:\/\/www.journalducameroun.com\/cameroun-guy-parfait-songue-tient-son-diplome-post-doctoral-cameroun\/\">Cameroun : Guy Parfait Songue tient son dipl\u00f4me post-doctoral<\/a> est apparu en premier sur <a rel=\"nofollow\" href=\"https:\/\/www.journalducameroun.com\/\">Journal du Cameroun<\/a>.<\/p>\n<\/div>\n<p>Auteur: Christian DJIMADEU<br \/>\n<a href=\"https:\/\/www.journalducameroun.com\/cameroun-guy-parfait-songue-tient-son-diplome-post-doctoral-cameroun\/\">Cliquez ici pour lire l&rsquo;article depuis sa source.<\/a><\/p>\n","protected":false},"excerpt":{"rendered":"<p>Attendu depuis sept ans, l\u2019Universit\u00e9 panafricaine de la renaissance (Per Ankh\u00a0Uhem\u00a0Mesut)\u00a0bas\u00e9e \u00e0 Paris en France vient de lui d\u00e9livrer le pr\u00e9cieux s\u00e9same. Attestant par ailleurs qu\u2019il f\u00fbt major des majors en 2014. Son dipl\u00f4me a \u00e9t\u00e9 sign\u00e9 par le professeur Gr\u00e9goire Beyogo le 18 juillet 2021. Il reconnait qu\u2019entre \u00a02013 et 2014, \u00a0le candidat Songue [&hellip;]<\/p>\n","protected":false},"author":1965,"featured_media":0,"comment_status":"closed","ping_status":"closed","sticky":false,"template":"","format":"standard","meta":{"fifu_image_url":"https:\/\/www.journalducameroun.com\/wp-content\/uploads\/2021\/08\/Guy-Parfait-Songue.jpg","fifu_image_alt":"Cameroun : Guy Parfait Songue tient son dipl\u00f4me post-doctoral","footnotes":""},"categories":[73,82],"tags":[],"class_list":["post-124967","post","type-post","status-publish","format-standard","hentry","category-actualite","category-cameroun"],"_links":{"self":[{"href":"https:\/\/linitiative.ca\/International\/wp-json\/wp\/v2\/posts\/124967","targetHints":{"allow":["GET"]}}],"collection":[{"href":"https:\/\/linitiative.ca\/International\/wp-json\/wp\/v2\/posts"}],"about":[{"href":"https:\/\/linitiative.ca\/International\/wp-json\/wp\/v2\/types\/post"}],"author":[{"embeddable":true,"href":"https:\/\/linitiative.ca\/International\/wp-json\/wp\/v2\/users\/1965"}],"replies":[{"embeddable":true,"href":"https:\/\/linitiative.ca\/International\/wp-json\/wp\/v2\/comments?post=124967"}],"version-history":[{"count":0,"href":"https:\/\/linitiative.ca\/International\/wp-json\/wp\/v2\/posts\/124967\/revisions"}],"wp:attachment":[{"href":"https:\/\/linitiative.ca\/International\/wp-json\/wp\/v2\/media?parent=124967"}],"wp:term":[{"taxonomy":"category","embeddable":true,"href":"https:\/\/linitiative.ca\/International\/wp-json\/wp\/v2\/categories?post=124967"},{"taxonomy":"post_tag","embeddable":true,"href":"https:\/\/linitiative.ca\/International\/wp-json\/wp\/v2\/tags?post=124967"}],"curies":[{"name":"wp","href":"https:\/\/api.w.org\/{rel}","templated":true}]}}