{"id":124971,"date":"2021-08-23T17:18:01","date_gmt":"2021-08-23T21:18:01","guid":{"rendered":"https:\/\/linitiative.ca\/International\/cote-divoire-sidibe-yacouba-designe-president-de-lupci\/"},"modified":"2021-08-23T17:18:01","modified_gmt":"2021-08-23T21:18:01","slug":"cote-divoire-sidibe-yacouba-designe-president-de-lupci","status":"publish","type":"post","link":"https:\/\/linitiative.ca\/International\/cote-divoire-sidibe-yacouba-designe-president-de-lupci\/","title":{"rendered":"C\u00f4te d\u2019Ivoire: Sidib\u00e9 Yacouba d\u00e9sign\u00e9 pr\u00e9sident de l\u2019UPCI"},"content":{"rendered":"<div>\n<p><img loading=\"lazy\" decoding=\"async\" width=\"530\" height=\"387\" src=\"https:\/\/linitiative.ca\/International\/wp-content\/uploads\/sites\/23\/2021\/08\/16297534826018.jpg\" class=\"attachment-post-thumbnail size-post-thumbnail wp-post-image\" alt=\"\" srcset=\"https:\/\/linitiative.ca\/International\/wp-content\/uploads\/sites\/23\/2021\/08\/16297534826018.jpg 530w, https:\/\/www.journalducameroun.com\/wp-content\/uploads\/2021\/08\/16297534826018-300x219.jpg 300w\" sizes=\"auto, (max-width: 530px) 100vw, 530px\"><\/p>\n<p>Le directoire politique de l&rsquo;Union pour la C\u00f4te d&rsquo;Ivoire (UPCI) a d\u00e9sign\u00e9 M. Sidib\u00e9 Yacouba, pr\u00e9c\u00e9demment pr\u00e9sident d&rsquo;honneur de cette formation politique proche du pouvoir, en qualit\u00e9 de pr\u00e9sident ex\u00e9cutif.<\/p>\n<p>\u00ab\u00a0Apr\u00e8s l&rsquo;aval du directoire politique, M. Sidib\u00e9 Yacouba, pr\u00e9c\u00e9demment pr\u00e9sident d&rsquo;honneur a \u00e9t\u00e9 d\u00e9sign\u00e9 \u00e0 l&rsquo;unanimit\u00e9 pr\u00e9sident ex\u00e9cutif\u00a0\u00bb, indique, lundi, une note rapportant la d\u00e9cision de cette instance du parti.\u00a0<\/p>\n<p>Par cons\u00e9quent, ajoute le texte, Dr Brou Anicet, le pr\u00e9sident ex\u00e9cutif, assurera d\u00e9sormais la pr\u00e9sidence d&rsquo;honneur de l&rsquo;UPCI, mentionne la note du directoire politique, sign\u00e9e par son secr\u00e9taire g\u00e9n\u00e9ral Fadiga Mamadou.\u00a0<\/p>\n<p>Le directoire politique \u00ab\u00a0note avec une l\u00e9gitime fiert\u00e9 la nomination de son pr\u00e9sident en ex\u00e9cutif le Dr Brou Anicet, en qualit\u00e9 de diplomate ministre pl\u00e9nipotentiaire\u00a0\u00bb, souligne cette d\u00e9cision.\u00a0<\/p>\n<p>Ce r\u00e9am\u00e9nagement intervient \u00e0 la suite d&rsquo;une r\u00e9union du directoire politique de l&rsquo;Union pour la C\u00f4te d&rsquo;Ivoire (UPCI) qui s&rsquo;est tenue au si\u00e8ge du parti le 21 ao\u00fbt 2021, autour de l&rsquo;ordre du jour: le r\u00e9am\u00e9nagement de la pr\u00e9sidence du parti.<\/p>\n<p>\u00ab\u00a0Le directoire politique exprime toute sa gratitude au pr\u00e9sident de la R\u00e9publique, Monsieur Alassane Ouattara pour sa constante sollicitude \u00e0 l&rsquo;\u00e9gard des cadres de notre parti\u00a0\u00bb poursuit le texte.\u00a0<\/p>\n<p>Le directoire politique explique \u00ab\u00a0avoir act\u00e9 la nomination de Dr Brou, consid\u00e9rant l&rsquo;incompatibilit\u00e9 des fonctions politiques avec le statut de diplomate et sur proposition conjointe de ce dernier et du secr\u00e9taire g\u00e9n\u00e9ral Fadiga Mamadou\u00a0\u00bb.\u00a0<\/p>\n<p>L&rsquo;UPCI \u00ab\u00a0r\u00e9affirme son appartenance enti\u00e8re au RHDP, \u00e9galement aux id\u00e9aux et valeurs incarn\u00e9es par notre leader charismatique de M. Alassane Ouattara\u00a0\u00bb, d\u00e9clare le parti qui se dit \u00ab\u00a0solidement ancr\u00e9 au sein du RHDP (pouvoir)\u00a0\u00bb.\u00a0<\/p>\n<p>Cet article <a rel=\"nofollow\" href=\"https:\/\/www.journalducameroun.com\/cote-divoire-sidibe-yacouba-designe-president-de-lupci\/\">C\u00f4te d\u2019Ivoire: Sidib\u00e9 Yacouba d\u00e9sign\u00e9 pr\u00e9sident de l\u2019UPCI<\/a> est apparu en premier sur <a rel=\"nofollow\" href=\"https:\/\/www.journalducameroun.com\/\">Journal du Cameroun<\/a>.<\/p>\n<\/div>\n<p>Auteur: APA News<br \/>\n<a href=\"https:\/\/www.journalducameroun.com\/cote-divoire-sidibe-yacouba-designe-president-de-lupci\/\">Cliquez ici pour lire l&rsquo;article depuis sa source.<\/a><\/p>\n","protected":false},"excerpt":{"rendered":"<p>Le directoire politique de l&rsquo;Union pour la C\u00f4te d&rsquo;Ivoire (UPCI) a d\u00e9sign\u00e9 M. Sidib\u00e9 Yacouba, pr\u00e9c\u00e9demment pr\u00e9sident d&rsquo;honneur de cette formation politique proche du pouvoir, en qualit\u00e9 de pr\u00e9sident ex\u00e9cutif. \u00ab\u00a0Apr\u00e8s l&rsquo;aval du directoire politique, M. Sidib\u00e9 Yacouba, pr\u00e9c\u00e9demment pr\u00e9sident d&rsquo;honneur a \u00e9t\u00e9 d\u00e9sign\u00e9 \u00e0 l&rsquo;unanimit\u00e9 pr\u00e9sident ex\u00e9cutif\u00a0\u00bb, indique, lundi, une note rapportant la d\u00e9cision [&hellip;]<\/p>\n","protected":false},"author":1965,"featured_media":0,"comment_status":"closed","ping_status":"closed","sticky":false,"template":"","format":"standard","meta":{"fifu_image_url":"https:\/\/www.journalducameroun.com\/wp-content\/uploads\/2021\/08\/16297534826018.jpg","fifu_image_alt":"C\u00f4te d\u2019Ivoire: Sidib\u00e9 Yacouba d\u00e9sign\u00e9 pr\u00e9sident de l\u2019UPCI","footnotes":""},"categories":[73,82],"tags":[],"class_list":["post-124971","post","type-post","status-publish","format-standard","hentry","category-actualite","category-cameroun"],"_links":{"self":[{"href":"https:\/\/linitiative.ca\/International\/wp-json\/wp\/v2\/posts\/124971","targetHints":{"allow":["GET"]}}],"collection":[{"href":"https:\/\/linitiative.ca\/International\/wp-json\/wp\/v2\/posts"}],"about":[{"href":"https:\/\/linitiative.ca\/International\/wp-json\/wp\/v2\/types\/post"}],"author":[{"embeddable":true,"href":"https:\/\/linitiative.ca\/International\/wp-json\/wp\/v2\/users\/1965"}],"replies":[{"embeddable":true,"href":"https:\/\/linitiative.ca\/International\/wp-json\/wp\/v2\/comments?post=124971"}],"version-history":[{"count":0,"href":"https:\/\/linitiative.ca\/International\/wp-json\/wp\/v2\/posts\/124971\/revisions"}],"wp:attachment":[{"href":"https:\/\/linitiative.ca\/International\/wp-json\/wp\/v2\/media?parent=124971"}],"wp:term":[{"taxonomy":"category","embeddable":true,"href":"https:\/\/linitiative.ca\/International\/wp-json\/wp\/v2\/categories?post=124971"},{"taxonomy":"post_tag","embeddable":true,"href":"https:\/\/linitiative.ca\/International\/wp-json\/wp\/v2\/tags?post=124971"}],"curies":[{"name":"wp","href":"https:\/\/api.w.org\/{rel}","templated":true}]}}