{"id":124975,"date":"2021-08-23T09:54:11","date_gmt":"2021-08-23T13:54:11","guid":{"rendered":"https:\/\/linitiative.ca\/International\/recouvrement-de-creances-a-camwater-ce-que-la-justice-reproche-a-william-sollo\/"},"modified":"2021-08-23T09:54:11","modified_gmt":"2021-08-23T13:54:11","slug":"recouvrement-de-creances-a-camwater-ce-que-la-justice-reproche-a-william-sollo","status":"publish","type":"post","link":"https:\/\/linitiative.ca\/International\/recouvrement-de-creances-a-camwater-ce-que-la-justice-reproche-a-william-sollo\/","title":{"rendered":"Recouvrement de cr\u00e9ances \u00e0 Camwater : ce que la justice reproche \u00e0 William Sollo"},"content":{"rendered":"<div>\n<p>Le passage de Jean William Sollo \u00e0 la t\u00eate de la Cameroon water utilities corporation(Camwater) est sujet \u00e0 caution. L\u2019ancien directeur g\u00e9n\u00e9ral de cette entreprise du secteur public est l\u2019objet de nombreuses accusations. A l\u2019audience du 10 ao\u00fbt dernier, le Minist\u00e8re public convoque un t\u00e9moin.\u00a0\u00ab\u00a0Que connaissez-vous \u00e0 propos des faits que la Camwater reproche aux accus\u00e9s Atangana Kouna et compagnie\u00a0?\u00a0\u00bb\u00a0Ainsi, le repr\u00e9sentant du Parquet g\u00e9n\u00e9ral interroge Jean Christophe Beckonge. Le cadre juridique \u00e0 la Camwater rel\u00e8ve un ensemble de griefs port\u00e9s contre Jean William Sollo. Il s\u2019agit\u00a0: du d\u00e9caissement de la somme d\u20191 milliard 642 millions 230 mille 731Fcfa. Ce d\u00e9blocage de fonds a eu lieu\u00a0 entre le 18 juillet 2014 et le 26 janvier 2016 au profit de l\u2019\u00e9tablissement Cameroon General services(CGS), appartenant \u00e0 Atangana Stanislas Victor. Le but vis\u00e9 par cette sortie de fonds \u00e9tant le paiement des frais de commission relative au recouvrement des cr\u00e9ances de la Camwater envers le Minist\u00e8re des Finances (Minfi). Le paiement prend corps \u00a0sur la base d\u2019un contrat sous seing priv\u00e9.<\/p>\n<p>En outre, Jean William Sollo r\u00e9pond des faits relatifs au d\u00e9blocage\u00a0 de la somme de 610,2 millions de FCFA, (au d\u00e9part, arr\u00eat\u00e9 \u00e0 572 millions Fcfa par la juge d\u2019instruction). Ce montant repr\u00e9sente les frais de fonctionnement d\u2019un groupe de travail mis en place par le Minfi. Le groupe de travail \u00e9tait constitu\u00e9 des responsables du Minist\u00e8re des Finances (Minfi), de la Camwater, et de la Camerounaise des Eaux.<\/p>\n<p>A ces d\u00e9penses, s\u2019ajoute la somme 85 millions Fcfa. Elle est d\u00e9caiss\u00e9e au titre d\u2019avance sur salaire au profit de Jean William Sollo, alors directeur g\u00e9n\u00e9ral de la Camwater.<\/p>\n<p>Pour le t\u00e9moin du Minist\u00e8re public, ces op\u00e9rations sont marqu\u00e9es du sceau de l\u2019irr\u00e9gularit\u00e9. Ces irr\u00e9gularit\u00e9s sont constat\u00e9es au mois de f\u00e9vrier 2016.\u00a0\u00ab\u00a0 Lorsque Alphonse Roger arrive comme Directeur g\u00e9n\u00e9ral de la Camwater, il commande un audit interne. L\u2019audit est r\u00e9alis\u00e9 par le contr\u00f4leur de gestion de l\u2019\u00e9poque. Le rapport de cet audit fait ressortir un certain nombre de griefs reproch\u00e9s \u00e0 Jean William Sollo\u00a0\u00bb, conte Jean Christophe Beckonge. Il indique qu\u2019\u00e0 la suite de ces irr\u00e9gularit\u00e9s constat\u00e9es dans le rapport d\u2019audit, la tutelle technique est inform\u00e9e de la situation. C\u2019est ainsi qu\u2019elle d\u00e9cide de porter plainte contre le directeur g\u00e9n\u00e9ral de la Camwater d\u2019alors, Jean William Sollo.\u00a0\u00ab\u00a0Ce dernier, n\u2019\u00e9tant pas inform\u00e9 de l\u2019initiative de la tutelle, a d\u00e9pos\u00e9 \u00e9galement une plainte contre X par devers madame le procureur g\u00e9n\u00e9ral pr\u00e8s le Tribunal criminel sp\u00e9cial (Tcs) pour plusieurs faits avant sa gestion. Des faits selon ses dires \u00e9taient constitutifs du d\u00e9tournement des biens publics\u00a0\u00bb, poursuit le t\u00e9moin du Minist\u00e8re public.<\/p>\n<p><strong>Irr\u00e9gularit\u00e9s<\/strong><\/p>\n<p>\u00a0L\u2019enqu\u00eate pr\u00e9liminaire diligent\u00e9e \u00e0 la suite de la plainte introduite par sieur Sollo rel\u00e8ve des irr\u00e9gularit\u00e9s, dont une partie est reproch\u00e9e \u00e0 Basile Atangana Kouna, une autre \u00e0 William Sollo\u00a0:\u00a0\u00ab\u00a0Il en\u00a0 est ressorti par ailleurs, la comptabilisation des charges injustifi\u00e9es reproch\u00e9es \u00e0 Basile Atangana Kouna et le paiement irr\u00e9gulier des frais d\u2019inventaire reproch\u00e9s \u00e0 sieur Sollo.\u00a0\u00bb<\/p>\n<p>A la question de savoir pourquoi\u00a0 la tutelle technique s\u2019est plainte, Jean Christophe Beckonge souligne qu\u2019\u00a0\u00ab\u00a0il n\u2019y a eu aucune pi\u00e8ce qui justifiait l\u2019utilisation de ces fonds.\u00a0\u00bb<em>\u00a0<\/em>Le t\u00e9moin est invit\u00e9 \u00e0 pr\u00e9senter point par point les diff\u00e9rents chefs d\u2019accusation qui p\u00e8sent sur les accus\u00e9s. Ne disposant pas sur-le-champ des d\u00e9tails, Jean Christophe Beckonge sollicite un renvoi de l\u2019affaire.\u00a0\u00a0\u00ab\u00a0Je ne m\u2019oppose pas \u00e0 ce qu\u2019on lui conc\u00e8de jusqu\u2019\u00e0 demain. Nous avons besoin des d\u00e9tails. Ce t\u00e9moin a raison de demander un peu de temps pour rassembler tous les \u00e9l\u00e9ments\u00a0\u00bb, requiert le Minist\u00e8re public.\u00a0\u00a0Jean William Sollo a offici\u00e9 comme directeur de la Camwater de mars 2012 \u00e0 f\u00e9vrier 2016. Il a remplac\u00e9 \u00e0 ce poste, Basile Atangana Kouna promu ministre de l\u2019Eau et de l\u2019Energie.<\/p>\n<p>Hormis les accus\u00e9s Basile Atangana Kouna et Jean William Sollo, le Minist\u00e8re public et l\u2019Etat du Cameroun (CAMWATER) a engag\u00e9 les poursuites judiciaires contre de nombreux autres mis en cause.\u00a0Victor Stanislas Atangana, Ren\u00e9 Martin Mbida, Jean Parfait Ko\u00e9, Jean Dieudonn\u00e9 Mah, sont accus\u00e9s d\u2019infractions de\u00a0<em>d\u00e9tournement de biens publics et complicit\u00e9.\u00a0<\/em>L\u2019audience du 10 ao\u00fbt dernier a \u00e9t\u00e9 suspendue. La suite de l\u2019audition du t\u00e9moin de l\u2019accusation a \u00e9t\u00e9 programm\u00e9e le lendemain.\u00a0<\/p>\n<p><strong>Ren\u00e9 Ombala<\/strong><\/p>\n<p>L\u2019article <a rel=\"nofollow\" href=\"https:\/\/ecomatin.net\/recouvrement-de-creances-a-camwater-ce-que-la-justice-reproche-a-william-sollo\/\">Recouvrement de cr\u00e9ances \u00e0 Camwater : ce que la justice reproche \u00e0 William Sollo<\/a> est apparu en premier sur <a rel=\"nofollow\" href=\"https:\/\/ecomatin.net\/\">EcoMatin<\/a>.<\/p>\n<\/div>\n<p>Auteur: EcoMatin<br \/>\n<a href=\"https:\/\/ecomatin.net\/recouvrement-de-creances-a-camwater-ce-que-la-justice-reproche-a-william-sollo\/\">Cliquez ici pour lire l&rsquo;article depuis sa source.<\/a><\/p>\n","protected":false},"excerpt":{"rendered":"<p>Le passage de Jean William Sollo \u00e0 la t\u00eate de la Cameroon water utilities corporation(Camwater) est sujet \u00e0 caution. L\u2019ancien directeur g\u00e9n\u00e9ral de cette entreprise du secteur public est l\u2019objet de nombreuses accusations. A l\u2019audience du 10 ao\u00fbt dernier, le Minist\u00e8re public convoque un t\u00e9moin.\u00a0\u00ab\u00a0Que connaissez-vous \u00e0 propos des faits que la Camwater reproche aux [&hellip;]<\/p>\n","protected":false},"author":1969,"featured_media":0,"comment_status":"closed","ping_status":"closed","sticky":false,"template":"","format":"standard","meta":{"fifu_image_url":"","fifu_image_alt":"","footnotes":""},"categories":[82,78],"tags":[],"class_list":["post-124975","post","type-post","status-publish","format-standard","hentry","category-cameroun","category-economie"],"_links":{"self":[{"href":"https:\/\/linitiative.ca\/International\/wp-json\/wp\/v2\/posts\/124975","targetHints":{"allow":["GET"]}}],"collection":[{"href":"https:\/\/linitiative.ca\/International\/wp-json\/wp\/v2\/posts"}],"about":[{"href":"https:\/\/linitiative.ca\/International\/wp-json\/wp\/v2\/types\/post"}],"author":[{"embeddable":true,"href":"https:\/\/linitiative.ca\/International\/wp-json\/wp\/v2\/users\/1969"}],"replies":[{"embeddable":true,"href":"https:\/\/linitiative.ca\/International\/wp-json\/wp\/v2\/comments?post=124975"}],"version-history":[{"count":0,"href":"https:\/\/linitiative.ca\/International\/wp-json\/wp\/v2\/posts\/124975\/revisions"}],"wp:attachment":[{"href":"https:\/\/linitiative.ca\/International\/wp-json\/wp\/v2\/media?parent=124975"}],"wp:term":[{"taxonomy":"category","embeddable":true,"href":"https:\/\/linitiative.ca\/International\/wp-json\/wp\/v2\/categories?post=124975"},{"taxonomy":"post_tag","embeddable":true,"href":"https:\/\/linitiative.ca\/International\/wp-json\/wp\/v2\/tags?post=124975"}],"curies":[{"name":"wp","href":"https:\/\/api.w.org\/{rel}","templated":true}]}}