{"id":124976,"date":"2021-08-23T11:52:34","date_gmt":"2021-08-23T15:52:34","guid":{"rendered":"https:\/\/linitiative.ca\/International\/depenses-publiques-le-cameroun-a-besoin-de-5800-milliards-sur-la-periode-2022-2024\/"},"modified":"2021-08-23T11:52:34","modified_gmt":"2021-08-23T15:52:34","slug":"depenses-publiques-le-cameroun-a-besoin-de-5800-milliards-sur-la-periode-2022-2024","status":"publish","type":"post","link":"https:\/\/linitiative.ca\/International\/depenses-publiques-le-cameroun-a-besoin-de-5800-milliards-sur-la-periode-2022-2024\/","title":{"rendered":"D\u00e9penses publiques : le Cameroun a besoin de 5800 milliards sur la p\u00e9riode 2022-2024"},"content":{"rendered":"<div>\n<p>\u00ab\u00a0Fiabilit\u00e9-pertinence-cr\u00e9dibilit\u00e9\u00a0\u00bb. C\u2019est le triptyque sur lequel vont s\u2019adosser\u00a0les <strong><a href=\"https:\/\/ecomatin.net\/depenses-publiques-116-milliards-de-pluss-pour-le-budget-de-fonctionnement-en-2021\/\">Conf\u00e9rences \u00e9largies de programmation budg\u00e9taire et de la performance associ\u00e9e<\/a><\/strong>\u00a0pour la p\u00e9riode 2022-2024. Les travaux lanc\u00e9s ce 23 ao\u00fbt 2021, par le ministre de l\u2019Economie, de la planification et de l\u2019am\u00e9nagement du territoire (Minepat), en pr\u00e9sence d\u2019autres membres du gouvernement. Les travaux qui s\u2019\u00e9talent sur dix jours permettront \u00e0 terme, selon le ministre de l\u2019Economie, d\u2019avoir des documents de programmation qui correspondent aux attentes des populations, pour les trois prochaines ann\u00e9es. \u00a0<\/p>\n<p><strong>Lire aussi<\/strong> : <strong><a href=\"https:\/\/ecomatin.net\/depenses-publiques-116-milliards-de-pluss-pour-le-budget-de-fonctionnement-en-2021\/\">D\u00e9penses publiques : 116 milliards de plus pour le budget de fonctionnement en 2021<\/a><\/strong><\/p>\n<p>Pour cette p\u00e9riode, le Cameron table sur une enveloppe de 5\u00a0892 milliards de Fcfa dont 4\u00a0052 milliards en ressources ext\u00e9rieurs et 1835 milliards en ressources internes. Ceci pour la r\u00e9alisation de 854 projets. Pour le compte de l\u2019ann\u00e9e 2022, il se dessine d\u00e9j\u00e0 un gap de financement de 951 milliards de Fcfa. Selon le Minepat Alamine Ousmane Mey, il s\u2019agira d\u2019abord de \u00abmettre l\u2019accent sur l\u2019ach\u00e8vement des projets qui ont \u00e9t\u00e9 engag\u00e9s. Pour que ces projets puissent avoir un effet sur les \u00e9conomies. Deuxi\u00e8mement, il s\u2019agit d\u2019inscrire dans le cadre des nouveaux projets, seul ceux-l\u00e0 qui ont atteint un degr\u00e9 de maturit\u00e9 tel qu\u2019exige le d\u00e9cret du Premier ministre de 2018 r\u00e9gissant le processus et les r\u00e8gles de maturation des projets d\u2019investissement public\u00a0\u00bb. \u00a0<\/p>\n<p><strong>Lire aussi<\/strong> : <strong><a href=\"https:\/\/ecomatin.net\/finances-publiques-la-dette-du-cameroun-est-elle-soutenable\/\">Finances publiques : la dette du Cameroun est-elle soutenable ?<\/a><\/strong><\/p>\n<p>Parmi les d\u00e9fis majeurs \u00e0 relever, l\u2019on peut citer la poursuite du Plan de reconstruction des r\u00e9gions du Nord-Ouest, Sud-Ouest et de l\u2019Extr\u00eame-Nord; le renforcement du processus de d\u00e9centralisation, la poursuite des r\u00e9formes engag\u00e9es dans le cadre du Programme \u00e9conomique et financier conclu avec le Fonds mon\u00e9taire international\u00a0; la mobilisation suffisante des fonds de contrepartie. \u00a0<\/p>\n<p><strong>Lire aussi<\/strong> : <strong><a href=\"https:\/\/ecomatin.net\/depenses-publiques-5343-milliards-de-fcfa-pour-les-vehicules-administratifs-en-2021\/\">D\u00e9penses publiques : 5,343 milliards de Fcfa pour les v\u00e9hicules administratifs en 2021<\/a><\/strong><\/p>\n<p>D\u2019autre part, il sera question de fa\u00e7on globale de maintenir la part moyenne de l\u2019investissement dans le budget \u00e0 au moins 30% sur la p\u00e9riode 2022-2024. \u00ab\u00a0De mani\u00e8re globale, l\u2019Etat voudrait porter progressivement le budget d\u2019investissement public \u00e0 40% de dotation g\u00e9n\u00e9rale. Parce qu\u2019\u00e0 ce stade nous sommes encore autour de 30% dans le but d\u2019allouer plus de ressources aux investissements, plus d\u2019accompagnement de nos politiques publiques de d\u00e9veloppement et mobiliser davantage nos partenaires techniques et financiers au d\u00e9veloppement pour nous assister\u00a0\u00bb, explique Alamine Ousmane Mey. \u00a0<\/p>\n<p><strong>Lire aussi<\/strong> : <strong><a href=\"https:\/\/ecomatin.net\/projets-dinvestissement-le-cameroun-planifie-ses-depenses-publiques\/\">Projets d\u2019investissement : le Cameroun planifie ses d\u00e9penses publiques<\/a><\/strong><\/p>\n<p>La session 2021 des Conf\u00e9rences \u00e9largies de programmation budg\u00e9taire et de la performance associ\u00e9e pour la p\u00e9riode 2022-2024 vise \u00e0 r\u00e9examiner la cartographie des programmes, examiner la performance associ\u00e9e des programmes et examiner la programmation triennale des d\u00e9penses. Ce cadre est organis\u00e9 par le d\u00e9cret pr\u00e9sidentiel du 31 mai 2019 fixant le calendrier budg\u00e9taire de l\u2019Etat, qui dispose \u00e0 son article 31 que \u00ab\u00a0les conf\u00e9rences \u00e9largies de programmation budg\u00e9taire et de la performance associ\u00e9e constituent le cadre d\u2019examen et de validation des Cadres\u00a0 de d\u00e9penses moyen terme (Cdmt), ajust\u00e9s en ce qui concerne les r\u00e9alisations, les projections, l\u2019\u00e9volution des dotations et des d\u00e9penses par grande masse et la performance projet\u00e9e.\u00a0\u00bb<\/p>\n<p><strong>Lire aussi<\/strong> : <strong><a href=\"https:\/\/ecomatin.net\/finances-publiques-comment-parvenir-a-lequilibre-budgetaire-au-cameroun\/\">Finances publiques: comment parvenir \u00e0 l\u2019\u00e9quilibre budg\u00e9taire au Cameroun ?<\/a><\/strong><\/p>\n<p>L\u2019article <a rel=\"nofollow\" href=\"https:\/\/ecomatin.net\/depenses-publiques-le-cameroun-a-besoin-de-5800-milliards-sur-la-periode-2022-2024\/\">D\u00e9penses publiques : le Cameroun a besoin de 5800 milliards sur la p\u00e9riode 2022-2024<\/a> est apparu en premier sur <a rel=\"nofollow\" href=\"https:\/\/ecomatin.net\/\">EcoMatin<\/a>.<\/p>\n<\/div>\n<p>Auteur: Cindy MBALA<br \/>\n<a href=\"https:\/\/ecomatin.net\/depenses-publiques-le-cameroun-a-besoin-de-5800-milliards-sur-la-periode-2022-2024\/\">Cliquez ici pour lire l&rsquo;article depuis sa source.<\/a><\/p>\n","protected":false},"excerpt":{"rendered":"<p>\u00ab\u00a0Fiabilit\u00e9-pertinence-cr\u00e9dibilit\u00e9\u00a0\u00bb. C\u2019est le triptyque sur lequel vont s\u2019adosser\u00a0les Conf\u00e9rences \u00e9largies de programmation budg\u00e9taire et de la performance associ\u00e9e\u00a0pour la p\u00e9riode 2022-2024. Les travaux lanc\u00e9s ce 23 ao\u00fbt 2021, par le ministre de l\u2019Economie, de la planification et de l\u2019am\u00e9nagement du territoire (Minepat), en pr\u00e9sence d\u2019autres membres du gouvernement. Les travaux qui s\u2019\u00e9talent sur dix jours [&hellip;]<\/p>\n","protected":false},"author":1969,"featured_media":0,"comment_status":"closed","ping_status":"closed","sticky":false,"template":"","format":"standard","meta":{"fifu_image_url":"","fifu_image_alt":"","footnotes":""},"categories":[82,78],"tags":[],"class_list":["post-124976","post","type-post","status-publish","format-standard","hentry","category-cameroun","category-economie"],"_links":{"self":[{"href":"https:\/\/linitiative.ca\/International\/wp-json\/wp\/v2\/posts\/124976","targetHints":{"allow":["GET"]}}],"collection":[{"href":"https:\/\/linitiative.ca\/International\/wp-json\/wp\/v2\/posts"}],"about":[{"href":"https:\/\/linitiative.ca\/International\/wp-json\/wp\/v2\/types\/post"}],"author":[{"embeddable":true,"href":"https:\/\/linitiative.ca\/International\/wp-json\/wp\/v2\/users\/1969"}],"replies":[{"embeddable":true,"href":"https:\/\/linitiative.ca\/International\/wp-json\/wp\/v2\/comments?post=124976"}],"version-history":[{"count":0,"href":"https:\/\/linitiative.ca\/International\/wp-json\/wp\/v2\/posts\/124976\/revisions"}],"wp:attachment":[{"href":"https:\/\/linitiative.ca\/International\/wp-json\/wp\/v2\/media?parent=124976"}],"wp:term":[{"taxonomy":"category","embeddable":true,"href":"https:\/\/linitiative.ca\/International\/wp-json\/wp\/v2\/categories?post=124976"},{"taxonomy":"post_tag","embeddable":true,"href":"https:\/\/linitiative.ca\/International\/wp-json\/wp\/v2\/tags?post=124976"}],"curies":[{"name":"wp","href":"https:\/\/api.w.org\/{rel}","templated":true}]}}