{"id":124977,"date":"2021-08-23T12:08:20","date_gmt":"2021-08-23T16:08:20","guid":{"rendered":"https:\/\/linitiative.ca\/International\/affaire-avinash-hingorani-ecomatin-pour-kalara-lhomme-daffaires-indien-veut-intimider-ecomatin\/"},"modified":"2021-08-23T12:08:20","modified_gmt":"2021-08-23T16:08:20","slug":"affaire-avinash-hingorani-ecomatin-pour-kalara-lhomme-daffaires-indien-veut-intimider-ecomatin","status":"publish","type":"post","link":"https:\/\/linitiative.ca\/International\/affaire-avinash-hingorani-ecomatin-pour-kalara-lhomme-daffaires-indien-veut-intimider-ecomatin\/","title":{"rendered":"Affaire Avinash Hingorani\/EcoMatin : pour Kalara l\u2019homme d\u2019affaires indien veut intimider EcoMatin"},"content":{"rendered":"<div><div data-elementor-type=\"wp-post\" data-elementor-id=\"30029\" class=\"elementor elementor-30029\" data-elementor-settings=\"[]\">\n\t\t\t\t\t\t<div class=\"elementor-inner\">\n\t\t\t\t\t\t\t<div class=\"elementor-section-wrap\">\n\t\t\t\t\t\t\t<section data-particle_enable=\"false\" data-particle-mobile-disabled=\"false\" class=\"elementor-section elementor-top-section elementor-element elementor-element-79e225ae elementor-section-boxed elementor-section-height-default elementor-section-height-default\" data-id=\"79e225ae\" data-element_type=\"section\" data-settings='{\"ekit_has_onepagescroll_dot\":\"yes\"}'>\n\t\t\t\t\t\t<div class=\"elementor-container elementor-column-gap-default\">\n\t\t\t\t\t\t\t<div class=\"elementor-row\">\n\t\t\t\t\t<div class=\"elementor-column elementor-col-100 elementor-top-column elementor-element elementor-element-12b00834\" data-id=\"12b00834\" data-element_type=\"column\">\n\t\t\t<div class=\"elementor-column-wrap elementor-element-populated\">\n\t\t\t\t\t\t\t<div class=\"elementor-widget-wrap\">\n\t\t\t\t\t\t<div class=\"elementor-element elementor-element-3bc9a7d6 elementor-widget elementor-widget-text-editor\" data-id=\"3bc9a7d6\" data-element_type=\"widget\" data-settings='{\"ekit_we_effect_on\":\"none\"}' data-widget_type=\"text-editor.default\">\n\t\t\t\t<div class=\"elementor-widget-container\">\n\t\t\t\t\t\t\t\t<div class=\"elementor-text-editor elementor-clearfix\">\n\t\t\t\t\t\n<p>\u00abR\u00e9volt\u00e9 que le journal ait pr\u00eat\u00e9 attention aux d\u00e9nonciations de maltraitance et autres abus faites par ses compatriotes et anciens employ\u00e9s, le milliardaire Avinash Hingorani, promoteur des entreprises\u00a0\u00abReve Voyages\u00a0\u00bb et \u00abSammys Creations\u00a0\u00bb met la justice en branle contre le journal de l\u2019\u00e9conomie et des finances\u00a0\u00bb, \u00e9crit Kalara, qui poursuit \u00ab\u00c0 travers une proc\u00e9dure riche en curiosit\u00e9s\u00a0\u00bb.\u00a0\u00a0<\/p>\n\n\n\n<p>Le N\u00b0395 du journal\u00a0\u00a0de Christophe\u00a0\u00a0Bobiokono comme plusieurs journaux depuis le d\u00e9but de l\u2019affaire Avinash\/EcoMatin\u00a0s\u2019est int\u00e9ress\u00e9 sur ce dossier en sa parution du 17 ao\u00fbt 2021, en\u00a0\u00a0y consacrant sa deuxi\u00e8me une. Sp\u00e9cialis\u00e9 sur les questions juridico-judiciaires, le m\u00e9dia s\u2019interroge sur la proc\u00e9dure judiciaire qui encadre cette affaire, en posant une question fondamentale.\u00a0\u00abEst-il d\u2019office interdit de pr\u00e9senter ses moyens de preuve \u00e9ventuels, donc condamn\u00e9 par avance, dans le cadre du proc\u00e8s public qui est d\u00e9j\u00e0 en cours\u00a0?\u00a0\u00bb. Kalara souligne par la m\u00eame occasion qu\u2019\u00a0\u00ab\u00a0il faudra sans doute attendre les d\u00e9bats pour avoir une r\u00e9ponse\u00a0\u00bb. Christophe Bobiokono qui signe l\u2019article ne manque pas de mettre en avant les incompr\u00e9hensions de la proc\u00e9dure judiciaire qui r\u00e9git le dossier,\u00ab\u00a0selon des sources proches des milieux judiciaires, la mise en jugement du patron de EcoMatin s\u2019est faite \u00e0 la suite d\u2019une proc\u00e9dure judiciaires qui ne manque pas de curiosit\u00e9s\u00a0\u00bb, indique la journal qui convoque la Loi de 1990 sur la libert\u00e9 de communication sociale qui pr\u00e9voit en son article 81, que\u00a0\u00able pr\u00e9venu qui veut faire la preuve des faits diffamatoires dispose de 5 jours apr\u00e8s la citation pour signifier au minist\u00e8re public ou au plaignant \u00e0 son domicile \u00e9lu, selon le cas\u00a0:(1) les faits qualifi\u00e9s dans la citation dont il entend prouver la v\u00e9rit\u00e9\u00a0; (2) la copie des pi\u00e8ces\u00a0; (3) les noms, professions et domicile de ses t\u00e9moins\u00a0\u00bb, conclut\u00a0\u00a0\u00a0Kalara.<\/p>\n\t\t\t\t\t<\/div>\n\t\t\t\t\t\t<\/div>\n\t\t\t\t<\/div>\n\t\t\t\t\t\t<\/div>\n\t\t\t\t\t<\/div>\n\t\t<\/div>\n\t\t\t\t\t\t\t\t<\/div>\n\t\t\t\t\t<\/div>\n\t\t<\/section>\n\t\t\t\t<section data-particle_enable=\"false\" data-particle-mobile-disabled=\"false\" class=\"elementor-section elementor-top-section elementor-element elementor-element-cd82836 elementor-section-boxed elementor-section-height-default elementor-section-height-default\" data-id=\"cd82836\" data-element_type=\"section\" data-settings='{\"ekit_has_onepagescroll_dot\":\"yes\"}'>\n\t\t\t\t\t\t<div class=\"elementor-container elementor-column-gap-default\">\n\t\t\t\t\t\t\t<div class=\"elementor-row\">\n\t\t\t\t\t<div class=\"elementor-column elementor-col-100 elementor-top-column elementor-element elementor-element-2a7d033\" data-id=\"2a7d033\" data-element_type=\"column\">\n\t\t\t<div class=\"elementor-column-wrap elementor-element-populated\">\n\t\t\t\t\t\t\t<div class=\"elementor-widget-wrap\">\n\t\t\t\t\t\t<div class=\"elementor-element elementor-element-ae56de9 elementor-widget elementor-widget-heading\" data-id=\"ae56de9\" data-element_type=\"widget\" data-settings='{\"ekit_we_effect_on\":\"none\"}' data-widget_type=\"heading.default\">\n\t\t\t\t<div class=\"elementor-widget-container\">\n\t\t\t<h4 class=\"elementor-heading-title elementor-size-default\">A LIRE AUSSI :<\/h4>\t\t<\/div>\n\t\t\t\t<\/div>\n\t\t\t\t<div class=\"elementor-element elementor-element-f7ebbce elementor-icon-list--layout-traditional elementor-list-item-link-full_width elementor-widget elementor-widget-icon-list\" data-id=\"f7ebbce\" data-element_type=\"widget\" data-settings='{\"ekit_we_effect_on\":\"none\"}' data-widget_type=\"icon-list.default\">\n\t\t\t\t<div class=\"elementor-widget-container\">\n\t\t\t\t\t<ul class=\"elementor-icon-list-items\">\n\t\t\t\t\t\t\t<li class=\"elementor-icon-list-item\">\n\t\t\t\t\t<a href=\"https:\/\/ecomatin.net\/affaire-avinash-ecomatin-la-presse-economique-muselee-selon-econews\/\">\t\t\t\t\t\t<span class=\"elementor-icon-list-icon\">\n\t\t\t\t\t\t\t<i aria-hidden=\"true\" class=\"fas fa-chevron-right\"><\/i>\t\t\t\t\t\t<\/span>\n\t\t\t\t\t\t\t\t\t\t<span class=\"elementor-icon-list-text\">Affaire Avinash\/EcoMatin: la presse \u00e9conomique  musel\u00e9e selon EcoNews<\/span>\n\t\t\t\t\t\t\t\t\t\t\t<\/a>\n\t\t\t\t\t\t\t\t\t<\/li>\n\t\t\t\t\t\t\t\t<li class=\"elementor-icon-list-item\">\n\t\t\t\t\t<a href=\"https:\/\/ecomatin.net\/affaire-avinash-ecomatin-pour-le-messager-emile-fidieck-est-sous-rouleau-compresseur21\/\">\t\t\t\t\t\t<span class=\"elementor-icon-list-icon\">\n\t\t\t\t\t\t\t<i aria-hidden=\"true\" class=\"fas fa-chevron-right\"><\/i>\t\t\t\t\t\t<\/span>\n\t\t\t\t\t\t\t\t\t\t<span class=\"elementor-icon-list-text\">Affaire Avinash\/EcoMatin : pour Le Messager, Emile Fidieck est sous rouleau compresseur<\/span>\n\t\t\t\t\t\t\t\t\t\t\t<\/a>\n\t\t\t\t\t\t\t\t\t<\/li>\n\t\t\t\t\t\t\t\t<li class=\"elementor-icon-list-item\">\n\t\t\t\t\t<a href=\"https:\/\/ecomatin.net\/affaire-avinash-ecomatin-pour-xavier-messe-la-presse-nationale-doit-soutenir-ecomatin\/\">\t\t\t\t\t\t<span class=\"elementor-icon-list-icon\">\n\t\t\t\t\t\t\t<i aria-hidden=\"true\" class=\"fas fa-chevron-right\"><\/i>\t\t\t\t\t\t<\/span>\n\t\t\t\t\t\t\t\t\t\t<span class=\"elementor-icon-list-text\">Affaire Avinash\/EcoMatin : pour Xavier Messe la presse nationale doit soutenir EcoMatin<\/span>\n\t\t\t\t\t\t\t\t\t\t\t<\/a>\n\t\t\t\t\t\t\t\t\t<\/li>\n\t\t\t\t\t\t\t\t<li class=\"elementor-icon-list-item\">\n\t\t\t\t\t<a href=\"https:\/\/ecomatin.net\/tentative-dintimidation-comment-le-milliardaire-indien-avinash-hingorani-veut-museler-ecomatin\/\">\t\t\t\t\t\t<span class=\"elementor-icon-list-icon\">\n\t\t\t\t\t\t\t<i aria-hidden=\"true\" class=\"fas fa-chevron-right\"><\/i>\t\t\t\t\t\t<\/span>\n\t\t\t\t\t\t\t\t\t\t<span class=\"elementor-icon-list-text\">Tentative d\u2019intimidation : comment le milliardaire indien Avinash Hingorani veut museler EcoMatin<\/span>\n\t\t\t\t\t\t\t\t\t\t\t<\/a>\n\t\t\t\t\t\t\t\t\t<\/li>\n\t\t\t\t\t\t\t\t<li class=\"elementor-icon-list-item\">\n\t\t\t\t\t<a href=\"https:\/\/ecomatin.net\/affaire-avinash-ecomatin-alain-blaise-batongue-temoigne-son-soutien-a-ecomatin\/\">\t\t\t\t\t\t<span class=\"elementor-icon-list-icon\">\n\t\t\t\t\t\t\t<i aria-hidden=\"true\" class=\"fas fa-chevron-right\"><\/i>\t\t\t\t\t\t<\/span>\n\t\t\t\t\t\t\t\t\t\t<span class=\"elementor-icon-list-text\">Affaire Avinash\/EcoMatin : Alain Blaise Batongue t\u00e9moigne son soutien \u00e0 EcoMatin<\/span>\n\t\t\t\t\t\t\t\t\t\t\t<\/a>\n\t\t\t\t\t\t\t\t\t<\/li>\n\t\t\t\t\t\t\t\t<li class=\"elementor-icon-list-item\">\n\t\t\t\t\t<a href=\"https:\/\/ecomatin.net\/medias-ecomatin-au-conseill-national-l-de-la-communication\/\">\t\t\t\t\t\t<span class=\"elementor-icon-list-icon\">\n\t\t\t\t\t\t\t<i aria-hidden=\"true\" class=\"fas fa-chevron-right\"><\/i>\t\t\t\t\t\t<\/span>\n\t\t\t\t\t\t\t\t\t\t<span class=\"elementor-icon-list-text\">Affaire Avinash\/EcoMatin  : EcoMatin au Conseil National de la Communication<\/span>\n\t\t\t\t\t\t\t\t\t\t\t<\/a>\n\t\t\t\t\t\t\t\t\t<\/li>\n\t\t\t\t\t\t\t\t<li class=\"elementor-icon-list-item\">\n\t\t\t\t\t<a href=\"https:\/\/ecomatin.net\/communique-ecomatin-fait-lobjet-de-menaces-et-dintimidationss\/\">\t\t\t\t\t\t<span class=\"elementor-icon-list-icon\">\n\t\t\t\t\t\t\t<i aria-hidden=\"true\" class=\"fas fa-chevron-right\"><\/i>\t\t\t\t\t\t<\/span>\n\t\t\t\t\t\t\t\t\t\t<span class=\"elementor-icon-list-text\">Communiqu\u00e9 : EcoMatin fait l\u2019objet de menaces et d\u2019intimidations<\/span>\n\t\t\t\t\t\t\t\t\t\t\t<\/a>\n\t\t\t\t\t\t\t\t\t<\/li>\n\t\t\t\t\t\t\t\t<li class=\"elementor-icon-list-item\">\n\t\t\t\t\t<a href=\"https:\/\/ecomatin.net\/trafic-humainn-enquete-sur-lexploitation-dess-indienss-au-cameroun-1-3\/\">\t\t\t\t\t\t<span class=\"elementor-icon-list-icon\">\n\t\t\t\t\t\t\t<i aria-hidden=\"true\" class=\"fas fa-chevron-right\"><\/i>\t\t\t\t\t\t<\/span>\n\t\t\t\t\t\t\t\t\t\t<span class=\"elementor-icon-list-text\">Trafic humain : enqu\u00eate sur l\u2019exploitation des indiens au Cameroun (1\/3)<\/span>\n\t\t\t\t\t\t\t\t\t\t\t<\/a>\n\t\t\t\t\t\t\t\t\t<\/li>\n\t\t\t\t\t\t<\/ul>\n\t\t\t\t<\/div>\n\t\t\t\t<\/div>\n\t\t\t\t\t\t<\/div>\n\t\t\t\t\t<\/div>\n\t\t<\/div>\n\t\t\t\t\t\t\t\t<\/div>\n\t\t\t\t\t<\/div>\n\t\t<\/section>\n\t\t\t\t\t\t<\/div>\n\t\t\t\t\t\t<\/div>\n\t\t\t\t\t<\/div>\n\t\t<p>L\u2019article <a rel=\"nofollow\" href=\"https:\/\/ecomatin.net\/affaire-avinash-hingorani-ecomatin-pour-kalara-lhomme-daffaires-indien-veut-intimider-ecomatin\/\">Affaire Avinash Hingorani\/EcoMatin : pour Kalara l\u2019homme d\u2019affaires indien veut intimider EcoMatin<\/a> est apparu en premier sur <a rel=\"nofollow\" href=\"https:\/\/ecomatin.net\/\">EcoMatin<\/a>.<\/p><\/div>\r\nAuteur: Amina MALLOUM\r\n<a href=\"https:\/\/ecomatin.net\/affaire-avinash-hingorani-ecomatin-pour-kalara-lhomme-daffaires-indien-veut-intimider-ecomatin\/\">Cliquez ici pour lire l&rsquo;article depuis sa source.<\/a><br \/>","protected":false},"excerpt":{"rendered":"<p>\u00abR\u00e9volt\u00e9 que le journal ait pr\u00eat\u00e9 attention aux d\u00e9nonciations de maltraitance et autres abus faites par ses compatriotes et anciens employ\u00e9s, le milliardaire Avinash Hingorani, promoteur des entreprises\u00a0\u00abReve Voyages\u00a0\u00bb et \u00abSammys Creations\u00a0\u00bb met la justice en branle contre le journal de l\u2019\u00e9conomie et des finances\u00a0\u00bb, \u00e9crit Kalara, qui poursuit \u00ab\u00c0 travers une proc\u00e9dure riche en [&hellip;]<\/p>\n","protected":false},"author":1969,"featured_media":0,"comment_status":"closed","ping_status":"closed","sticky":false,"template":"","format":"standard","meta":{"fifu_image_url":"","fifu_image_alt":"","footnotes":""},"categories":[82,78],"tags":[],"class_list":["post-124977","post","type-post","status-publish","format-standard","hentry","category-cameroun","category-economie"],"_links":{"self":[{"href":"https:\/\/linitiative.ca\/International\/wp-json\/wp\/v2\/posts\/124977","targetHints":{"allow":["GET"]}}],"collection":[{"href":"https:\/\/linitiative.ca\/International\/wp-json\/wp\/v2\/posts"}],"about":[{"href":"https:\/\/linitiative.ca\/International\/wp-json\/wp\/v2\/types\/post"}],"author":[{"embeddable":true,"href":"https:\/\/linitiative.ca\/International\/wp-json\/wp\/v2\/users\/1969"}],"replies":[{"embeddable":true,"href":"https:\/\/linitiative.ca\/International\/wp-json\/wp\/v2\/comments?post=124977"}],"version-history":[{"count":0,"href":"https:\/\/linitiative.ca\/International\/wp-json\/wp\/v2\/posts\/124977\/revisions"}],"wp:attachment":[{"href":"https:\/\/linitiative.ca\/International\/wp-json\/wp\/v2\/media?parent=124977"}],"wp:term":[{"taxonomy":"category","embeddable":true,"href":"https:\/\/linitiative.ca\/International\/wp-json\/wp\/v2\/categories?post=124977"},{"taxonomy":"post_tag","embeddable":true,"href":"https:\/\/linitiative.ca\/International\/wp-json\/wp\/v2\/tags?post=124977"}],"curies":[{"name":"wp","href":"https:\/\/api.w.org\/{rel}","templated":true}]}}