{"id":124978,"date":"2021-08-24T09:00:07","date_gmt":"2021-08-24T13:00:07","guid":{"rendered":"https:\/\/linitiative.ca\/International\/entrepreneuriat-la-cjem-met-le-paquet-sur-le-reseautage\/"},"modified":"2021-08-24T09:00:07","modified_gmt":"2021-08-24T13:00:07","slug":"entrepreneuriat-la-cjem-met-le-paquet-sur-le-reseautage","status":"publish","type":"post","link":"https:\/\/linitiative.ca\/International\/entrepreneuriat-la-cjem-met-le-paquet-sur-le-reseautage\/","title":{"rendered":"Entrepreneuriat  : La CJEM met le paquet  sur le r\u00e9seautage"},"content":{"rendered":"<div>\n<p><img decoding=\"async\" width=\"300\" height=\"153\" src=\"https:\/\/linitiative.ca\/International\/wp-content\/uploads\/sites\/23\/2021\/08\/PME-digitales-300x153-1.jpg\" class=\"attachment-medium size-medium wp-post-image\" alt=\"\" loading=\"lazy\" srcset=\"\/\/aujourdhui.ma\/wp-content\/uploads\/2021\/01\/PME-digitales-300x153.jpg 300w, \/\/aujourdhui.ma\/wp-content\/uploads\/2021\/01\/PME-digitales-274x140.jpg 274w, \/\/aujourdhui.ma\/wp-content\/uploads\/2021\/01\/PME-digitales.jpg 746w, \/\/aujourdhui.ma\/wp-content\/uploads\/2021\/01\/PME-digitales-165x84.jpg 165w, \/\/aujourdhui.ma\/wp-content\/uploads\/2021\/01\/PME-digitales-702x358.jpg 702w\" sizes=\"auto, (max-width: 300px) 100vw, 300px\"><\/p>\n<p><span style=\"color: #800000;\"><strong>La CJEM (Conf\u00e9d\u00e9ration des junior-Entreprises marocaines) lance son cycle de webinaires qui vise \u00e0 faciliter la promotion et l\u2019interaction dans l\u2019entrepreneuriat.<\/strong><\/span><span id=\"more-384888\"><\/span><\/p>\n<p>Seront associ\u00e9s \u00e0 l\u2019\u00e9v\u00e9nement les anciens juniors entrepreneurs du mouvement junior-entrepreneuriat. Le r\u00e9seautage \u00e9tant au c\u0153ur des priorit\u00e9s, repr\u00e9sentants des secteurs publics et priv\u00e9s sont attendus. C\u2019est ainsi que jusqu\u2019au 16 septembre, la Conf\u00e9d\u00e9ration d\u00e9ploiera ses efforts pour renforcer en amont l\u2019insertion professionnelle de ses Junior-Entrepreneurs, dont le statut est toujours d\u2019\u00e9tudiants. Le concept de la Junior-Entreprise se traduit par l\u2019exp\u00e9rience \u00abLearning By Doing\u00bb. C\u2019est dans ce contexte que la CJEM lance cette s\u00e9rie de conf\u00e9rences en ligne visant \u00e0 accueillir chaque semaine un leader de la sc\u00e8ne \u00e9conomique marocaine. Ces webinaires permettront d\u2019entretenir un lien virtuel d\u2019\u00e9changes entre les diff\u00e9rentes promotions des Junior-Entrepreneurs. L\u2019objectif \u00e9tant de fa\u00e7onner la volont\u00e9 entrepreneuriale des dirigeants de demain. \u00ab Leadership, entrepreneuriat et inspiration \u00bb sont les mots-cl\u00e9s retenus par les organisateurs. Tel que con\u00e7u, cet \u00e9v\u00e9nement repr\u00e9sentera, en somme, une concr\u00e9tisation qui vise \u00e0 valoriser l\u2019exp\u00e9rience de la Junior-Entreprise sur la vie estudiantine et la carri\u00e8re professionnelle d\u2019un jeune \u00e9tudiant.<\/p>\n<p>La CJEM a \u00e9t\u00e9 cr\u00e9\u00e9e pour promouvoir le concept des JEs au niveau national, mais aussi faire en sorte que le statut de Junior-Entreprise soit juridiquement reconnu et valoris\u00e9 aupr\u00e8s des entreprises. \u00ab Aussi, nous travaillons \u00e0 ce que chaque membre de la conf\u00e9d\u00e9ration maintienne un niveau de qualit\u00e9 et de professionnalisme requis. Dans le cas contraire, nous sommes l\u00e0 pour les accompagner et pour les guider dans la r\u00e9alisation des diff\u00e9rents projets et missions \u00bb, pr\u00e9cise la CJEM.<\/p>\n<p>Ainsi, la conf\u00e9d\u00e9ration est la structure f\u00e9d\u00e9ratrice du mouvement Junior-Entrepreneuriat \u00e0 l\u2019\u00e9chelle marocaine. L\u2019un des chantiers d\u2019actualit\u00e9 a \u00e9t\u00e9 baptis\u00e9 Initiative 1000. Telle que con\u00e7ue, cette action a \u00e9t\u00e9 cr\u00e9\u00e9e par le r\u00e9seau mondial des junior-entreprises pour soutenir les PME pendant la crise Covid-19 en leur proposant des services gratuits.<\/p>\n<\/div>\n<p>Auteur: Dounia Essabban<br \/>\n<a href=\"https:\/\/aujourdhui.ma\/emploi\/entrepreneuriat-la-cjem-met-le-paquet-sur-le-reseautage\">Cliquez ici pour lire l&rsquo;article depuis sa source.<\/a><\/p>\n","protected":false},"excerpt":{"rendered":"<p>La CJEM (Conf\u00e9d\u00e9ration des junior-Entreprises marocaines) lance son cycle de webinaires qui vise \u00e0 faciliter la promotion et l\u2019interaction dans l\u2019entrepreneuriat. Seront associ\u00e9s \u00e0 l\u2019\u00e9v\u00e9nement les anciens juniors entrepreneurs du mouvement junior-entrepreneuriat. Le r\u00e9seautage \u00e9tant au c\u0153ur des priorit\u00e9s, repr\u00e9sentants des secteurs publics et priv\u00e9s sont attendus. C\u2019est ainsi que jusqu\u2019au 16 septembre, la Conf\u00e9d\u00e9ration [&hellip;]<\/p>\n","protected":false},"author":1759,"featured_media":0,"comment_status":"closed","ping_status":"closed","sticky":false,"template":"","format":"standard","meta":{"fifu_image_url":"https:\/\/aujourdhui.ma\/wp-content\/uploads\/2021\/01\/PME-digitales-300x153.jpg","fifu_image_alt":"Entrepreneuriat  : La CJEM met le paquet  sur le r\u00e9seautage","footnotes":""},"categories":[73,54],"tags":[],"class_list":["post-124978","post","type-post","status-publish","format-standard","hentry","category-actualite","category-maroc"],"_links":{"self":[{"href":"https:\/\/linitiative.ca\/International\/wp-json\/wp\/v2\/posts\/124978","targetHints":{"allow":["GET"]}}],"collection":[{"href":"https:\/\/linitiative.ca\/International\/wp-json\/wp\/v2\/posts"}],"about":[{"href":"https:\/\/linitiative.ca\/International\/wp-json\/wp\/v2\/types\/post"}],"author":[{"embeddable":true,"href":"https:\/\/linitiative.ca\/International\/wp-json\/wp\/v2\/users\/1759"}],"replies":[{"embeddable":true,"href":"https:\/\/linitiative.ca\/International\/wp-json\/wp\/v2\/comments?post=124978"}],"version-history":[{"count":0,"href":"https:\/\/linitiative.ca\/International\/wp-json\/wp\/v2\/posts\/124978\/revisions"}],"wp:attachment":[{"href":"https:\/\/linitiative.ca\/International\/wp-json\/wp\/v2\/media?parent=124978"}],"wp:term":[{"taxonomy":"category","embeddable":true,"href":"https:\/\/linitiative.ca\/International\/wp-json\/wp\/v2\/categories?post=124978"},{"taxonomy":"post_tag","embeddable":true,"href":"https:\/\/linitiative.ca\/International\/wp-json\/wp\/v2\/tags?post=124978"}],"curies":[{"name":"wp","href":"https:\/\/api.w.org\/{rel}","templated":true}]}}