{"id":124980,"date":"2021-08-24T09:05:06","date_gmt":"2021-08-24T13:05:06","guid":{"rendered":"https:\/\/linitiative.ca\/International\/abdelhek-arkhaoui-du-rni-elu-president-de-la-chambre-dartisanat-du-souss-massa\/"},"modified":"2021-08-24T09:05:06","modified_gmt":"2021-08-24T13:05:06","slug":"abdelhek-arkhaoui-du-rni-elu-president-de-la-chambre-dartisanat-du-souss-massa","status":"publish","type":"post","link":"https:\/\/linitiative.ca\/International\/abdelhek-arkhaoui-du-rni-elu-president-de-la-chambre-dartisanat-du-souss-massa\/","title":{"rendered":"Abdelhek Arkhaoui du RNI \u00e9lu pr\u00e9sident de la Chambre d\u2019artisanat du Souss-Massa"},"content":{"rendered":"<div>\n<p><img decoding=\"async\" width=\"300\" height=\"153\" src=\"https:\/\/linitiative.ca\/International\/wp-content\/uploads\/sites\/23\/2021\/08\/abdelkhek_arkhaoui-300x153-1.jpg\" class=\"attachment-medium size-medium wp-post-image\" alt=\"\" loading=\"lazy\" srcset=\"\/\/aujourdhui.ma\/wp-content\/uploads\/2021\/08\/abdelkhek_arkhaoui-300x153.jpg 300w, \/\/aujourdhui.ma\/wp-content\/uploads\/2021\/08\/abdelkhek_arkhaoui-274x140.jpg 274w, \/\/aujourdhui.ma\/wp-content\/uploads\/2021\/08\/abdelkhek_arkhaoui.jpg 746w, \/\/aujourdhui.ma\/wp-content\/uploads\/2021\/08\/abdelkhek_arkhaoui-165x84.jpg 165w, \/\/aujourdhui.ma\/wp-content\/uploads\/2021\/08\/abdelkhek_arkhaoui-702x358.jpg 702w\" sizes=\"auto, (max-width: 300px) 100vw, 300px\"><\/p>\n<p><span style=\"color: #800000;\"><strong>Abdelhek Arkhaoui du Rassemblement national des ind\u00e9pendants (RNI) a \u00e9t\u00e9 \u00e9lu lundi \u00e0 Agadir, pr\u00e9sident de la Chambre d\u2019artisanat du Souss-Massa.<\/strong><\/span><span id=\"more-384908\"><\/span><\/p>\n<p>Amar Beghrar (Parti de la justice et du d\u00e9veloppement) et Samir Chhieb (Sans appartenance politique) ont \u00e9t\u00e9 \u00e9lus respectivement premier et deuxi\u00e8me vice-pr\u00e9sident. Le RNI a rafl\u00e9 la premi\u00e8re position lors des \u00e9lections des Chambres professionnelles au niveau de la r\u00e9gion Souss- Massa avec 87 si\u00e8ges. Il a devanc\u00e9 le parti de l\u2019Istiqlal qui a remport\u00e9 35 si\u00e8ges, le Parti authenticit\u00e9 et modernit\u00e9 (31 si\u00e8ges), alors que les SAP (Sans appartenance politique) ont obtenu 24 si\u00e8ges.<\/p>\n<\/div>\n<p>Auteur: ALM<br \/>\n<a href=\"https:\/\/aujourdhui.ma\/actualite\/abdelhek-arkhaoui-du-rni-elu-president-de-la-chambre-dartisanat-du-souss-massa\">Cliquez ici pour lire l&rsquo;article depuis sa source.<\/a><\/p>\n","protected":false},"excerpt":{"rendered":"<p>Abdelhek Arkhaoui du Rassemblement national des ind\u00e9pendants (RNI) a \u00e9t\u00e9 \u00e9lu lundi \u00e0 Agadir, pr\u00e9sident de la Chambre d\u2019artisanat du Souss-Massa. Amar Beghrar (Parti de la justice et du d\u00e9veloppement) et Samir Chhieb (Sans appartenance politique) ont \u00e9t\u00e9 \u00e9lus respectivement premier et deuxi\u00e8me vice-pr\u00e9sident. Le RNI a rafl\u00e9 la premi\u00e8re position lors des \u00e9lections des [&hellip;]<\/p>\n","protected":false},"author":1759,"featured_media":0,"comment_status":"closed","ping_status":"closed","sticky":false,"template":"","format":"standard","meta":{"fifu_image_url":"https:\/\/aujourdhui.ma\/wp-content\/uploads\/2021\/08\/abdelkhek_arkhaoui-300x153.jpg","fifu_image_alt":"Abdelhek Arkhaoui du RNI \u00e9lu pr\u00e9sident de la Chambre d\u2019artisanat du Souss-Massa","footnotes":""},"categories":[73,54],"tags":[],"class_list":["post-124980","post","type-post","status-publish","format-standard","hentry","category-actualite","category-maroc"],"_links":{"self":[{"href":"https:\/\/linitiative.ca\/International\/wp-json\/wp\/v2\/posts\/124980","targetHints":{"allow":["GET"]}}],"collection":[{"href":"https:\/\/linitiative.ca\/International\/wp-json\/wp\/v2\/posts"}],"about":[{"href":"https:\/\/linitiative.ca\/International\/wp-json\/wp\/v2\/types\/post"}],"author":[{"embeddable":true,"href":"https:\/\/linitiative.ca\/International\/wp-json\/wp\/v2\/users\/1759"}],"replies":[{"embeddable":true,"href":"https:\/\/linitiative.ca\/International\/wp-json\/wp\/v2\/comments?post=124980"}],"version-history":[{"count":0,"href":"https:\/\/linitiative.ca\/International\/wp-json\/wp\/v2\/posts\/124980\/revisions"}],"wp:attachment":[{"href":"https:\/\/linitiative.ca\/International\/wp-json\/wp\/v2\/media?parent=124980"}],"wp:term":[{"taxonomy":"category","embeddable":true,"href":"https:\/\/linitiative.ca\/International\/wp-json\/wp\/v2\/categories?post=124980"},{"taxonomy":"post_tag","embeddable":true,"href":"https:\/\/linitiative.ca\/International\/wp-json\/wp\/v2\/tags?post=124980"}],"curies":[{"name":"wp","href":"https:\/\/api.w.org\/{rel}","templated":true}]}}