{"id":124982,"date":"2021-08-24T09:06:17","date_gmt":"2021-08-24T13:06:17","guid":{"rendered":"https:\/\/linitiative.ca\/International\/un-officier-de-police-en-retraite-une-mere-de-3-enfants-et-un-sexagenaire-se-donnent-la-mort\/"},"modified":"2021-08-24T09:06:17","modified_gmt":"2021-08-24T13:06:17","slug":"un-officier-de-police-en-retraite-une-mere-de-3-enfants-et-un-sexagenaire-se-donnent-la-mort","status":"publish","type":"post","link":"https:\/\/linitiative.ca\/International\/un-officier-de-police-en-retraite-une-mere-de-3-enfants-et-un-sexagenaire-se-donnent-la-mort\/","title":{"rendered":"Un officier de police en retraite, une m\u00e8re de 3 enfants et un sexag\u00e9naire se donnent la mort"},"content":{"rendered":"<div>\n<p><img decoding=\"async\" width=\"300\" height=\"153\" src=\"https:\/\/linitiative.ca\/International\/wp-content\/uploads\/sites\/23\/2021\/08\/Maroc-commissaire-de-police-300x153-1.jpg\" class=\"attachment-medium size-medium wp-post-image\" alt=\"\" loading=\"lazy\" srcset=\"\/\/aujourdhui.ma\/wp-content\/uploads\/2021\/01\/Maroc-commissaire-de-police-300x153.jpg 300w, \/\/aujourdhui.ma\/wp-content\/uploads\/2021\/01\/Maroc-commissaire-de-police-274x140.jpg 274w, \/\/aujourdhui.ma\/wp-content\/uploads\/2021\/01\/Maroc-commissaire-de-police.jpg 746w, \/\/aujourdhui.ma\/wp-content\/uploads\/2021\/01\/Maroc-commissaire-de-police-165x84.jpg 165w, \/\/aujourdhui.ma\/wp-content\/uploads\/2021\/01\/Maroc-commissaire-de-police-702x358.jpg 702w\" sizes=\"auto, (max-width: 300px) 100vw, 300px\"><\/p>\n<p><span style=\"color: #800000;\"><strong>Au quartier Msila, \u00e0 Taza, un officier de police, qui venait de prendre sa retraite, s\u2019est donn\u00e9 la mort, dimanche, par pendaison.<\/strong><\/span><span id=\"more-384918\"><\/span><\/p>\n<p>Personne n\u2019est au courant du mobile qui a pouss\u00e9 cet officier de soixante ans \u00e0 mettre tragiquement fin \u00e0 ses jours. Une enqu\u00eate a \u00e9t\u00e9 diligent\u00e9e par les \u00e9l\u00e9ments de la police judiciaire qui se sont d\u00e9p\u00each\u00e9s sur les lieux pour d\u00e9terminer le mobile de cet acte suicidaire. Par ailleurs, une m\u00e8re de famille, \u00e2g\u00e9e de quarante ans, s\u2019est suicid\u00e9e \u00e9galement par pendaison, chez elle \u00e0 la coop\u00e9rative Al Massira situ\u00e9e dans la commune urbaine de Toulal, \u00e0 Mekn\u00e8s. Le cadavre de cette m\u00e8re de trois enfants a \u00e9t\u00e9 \u00e9vacu\u00e9 vers la morgue de l\u2019h\u00f4pital Mohammed V, dans la capitale isma\u00e9lite pour \u00eatre soumis \u00e0 une autopsie. Un troisi\u00e8me cas de suicide a eu lieu derni\u00e8rement au douar Amiadi relevant de la commune Ounane, dans la province de Chefchaouen. Il s\u2019agit d\u2019un sexag\u00e9naire qui s\u2019est suicid\u00e9 \u00e9galement par pendaison<\/p>\n<\/div>\n<p>Auteur: Abderrafii ALOUMLIKI<br \/>\n<a href=\"https:\/\/aujourdhui.ma\/faits-divers\/un-officier-de-police-en-retraite-une-mere-de-3-enfants-et-un-sexagenaire-se-donnent-la-mort\">Cliquez ici pour lire l&rsquo;article depuis sa source.<\/a><\/p>\n","protected":false},"excerpt":{"rendered":"<p>Au quartier Msila, \u00e0 Taza, un officier de police, qui venait de prendre sa retraite, s\u2019est donn\u00e9 la mort, dimanche, par pendaison. Personne n\u2019est au courant du mobile qui a pouss\u00e9 cet officier de soixante ans \u00e0 mettre tragiquement fin \u00e0 ses jours. Une enqu\u00eate a \u00e9t\u00e9 diligent\u00e9e par les \u00e9l\u00e9ments de la police judiciaire [&hellip;]<\/p>\n","protected":false},"author":1759,"featured_media":0,"comment_status":"closed","ping_status":"closed","sticky":false,"template":"","format":"standard","meta":{"fifu_image_url":"https:\/\/aujourdhui.ma\/wp-content\/uploads\/2021\/01\/Maroc-commissaire-de-police-300x153.jpg","fifu_image_alt":"Un officier de police en retraite, une m\u00e8re de 3 enfants et un sexag\u00e9naire se donnent la mort","footnotes":""},"categories":[73,54],"tags":[],"class_list":["post-124982","post","type-post","status-publish","format-standard","hentry","category-actualite","category-maroc"],"_links":{"self":[{"href":"https:\/\/linitiative.ca\/International\/wp-json\/wp\/v2\/posts\/124982","targetHints":{"allow":["GET"]}}],"collection":[{"href":"https:\/\/linitiative.ca\/International\/wp-json\/wp\/v2\/posts"}],"about":[{"href":"https:\/\/linitiative.ca\/International\/wp-json\/wp\/v2\/types\/post"}],"author":[{"embeddable":true,"href":"https:\/\/linitiative.ca\/International\/wp-json\/wp\/v2\/users\/1759"}],"replies":[{"embeddable":true,"href":"https:\/\/linitiative.ca\/International\/wp-json\/wp\/v2\/comments?post=124982"}],"version-history":[{"count":0,"href":"https:\/\/linitiative.ca\/International\/wp-json\/wp\/v2\/posts\/124982\/revisions"}],"wp:attachment":[{"href":"https:\/\/linitiative.ca\/International\/wp-json\/wp\/v2\/media?parent=124982"}],"wp:term":[{"taxonomy":"category","embeddable":true,"href":"https:\/\/linitiative.ca\/International\/wp-json\/wp\/v2\/categories?post=124982"},{"taxonomy":"post_tag","embeddable":true,"href":"https:\/\/linitiative.ca\/International\/wp-json\/wp\/v2\/tags?post=124982"}],"curies":[{"name":"wp","href":"https:\/\/api.w.org\/{rel}","templated":true}]}}