{"id":124984,"date":"2021-08-24T10:13:48","date_gmt":"2021-08-24T14:13:48","guid":{"rendered":"https:\/\/linitiative.ca\/International\/marrakech-arrestation-de-2-voleurs-a-larrache-et-ouverture-dune-enquete-concernant-le-cambriolage-de-3-commerces\/"},"modified":"2021-08-24T10:13:48","modified_gmt":"2021-08-24T14:13:48","slug":"marrakech-arrestation-de-2-voleurs-a-larrache-et-ouverture-dune-enquete-concernant-le-cambriolage-de-3-commerces","status":"publish","type":"post","link":"https:\/\/linitiative.ca\/International\/marrakech-arrestation-de-2-voleurs-a-larrache-et-ouverture-dune-enquete-concernant-le-cambriolage-de-3-commerces\/","title":{"rendered":"Marrakech : Arrestation de 2 voleurs \u00e0 l\u2019arrach\u00e9 et ouverture d\u2019une enqu\u00eate concernant le cambriolage de 3 commerces"},"content":{"rendered":"<div>\n<p><img decoding=\"async\" width=\"300\" height=\"153\" src=\"https:\/\/linitiative.ca\/International\/wp-content\/uploads\/sites\/23\/2021\/08\/arrestation-300x153-1.jpg\" class=\"attachment-medium size-medium wp-post-image\" alt=\"\" loading=\"lazy\" srcset=\"\/\/aujourdhui.ma\/wp-content\/uploads\/2021\/08\/arrestation-300x153.jpg 300w, \/\/aujourdhui.ma\/wp-content\/uploads\/2021\/08\/arrestation-274x140.jpg 274w, \/\/aujourdhui.ma\/wp-content\/uploads\/2021\/08\/arrestation.jpg 746w, \/\/aujourdhui.ma\/wp-content\/uploads\/2021\/08\/arrestation-165x84.jpg 165w, \/\/aujourdhui.ma\/wp-content\/uploads\/2021\/08\/arrestation-702x358.jpg 702w\" sizes=\"auto, (max-width: 300px) 100vw, 300px\"><\/p>\n<p><span style=\"color: #800000;\"><strong>Deux malfrats qui ont commis plusieurs vols \u00e0 l\u2019arrach\u00e9 ont \u00e9t\u00e9 mis hors d\u2019\u00e9tat de nuire, samedi dernier, par les \u00e9l\u00e9ments de la police judiciaire relevant du district de la s\u00fbret\u00e9 de Menara, apprend-on d\u2019un communiqu\u00e9 rendu public par la pr\u00e9fecture de la s\u00fbret\u00e9 de Marrakech.<\/strong><\/span><span id=\"more-384934\"><\/span><\/p>\n<p>Les deux malfrats qui circulaient \u00e0 bord d\u2019un v\u00e9lomoteur ont attir\u00e9 l\u2019attention des limiers de Menara qui les ont interpell\u00e9s. En fouillant leurs poches, ils ont mis la main sur quatre smartphones, fruit de vols \u00e0 l\u2019arrach\u00e9. Les deux malfrats ont \u00e9t\u00e9 maintenus en garde \u00e0 vue, le v\u00e9lomoteur a \u00e9t\u00e9 saisi et les quatre smartphones ont \u00e9t\u00e9 r\u00e9cup\u00e9r\u00e9s par les victimes. Par ailleurs, la police judiciaire pr\u00e9fectorale de la s\u00fbret\u00e9 de la cit\u00e9 ocre entame, depuis vendredi dernier, une enqu\u00eate pour tirer au clair l\u2019affaire de cambriolage de trois commerces situ\u00e9s respectivement aux quartiers Sidi Ayoub, Al Maoukef et Arsat Almallak.<\/p>\n<\/div>\n<p>Auteur: Abderrafii ALOUMLIKI<br \/>\n<a href=\"https:\/\/aujourdhui.ma\/faits-divers\/marrakech-arrestation-de-2-voleurs-a-larrache-et-ouverture-dune-enquete-concernant-le-cambriolage-de-3-commerces\">Cliquez ici pour lire l&rsquo;article depuis sa source.<\/a><\/p>\n","protected":false},"excerpt":{"rendered":"<p>Deux malfrats qui ont commis plusieurs vols \u00e0 l\u2019arrach\u00e9 ont \u00e9t\u00e9 mis hors d\u2019\u00e9tat de nuire, samedi dernier, par les \u00e9l\u00e9ments de la police judiciaire relevant du district de la s\u00fbret\u00e9 de Menara, apprend-on d\u2019un communiqu\u00e9 rendu public par la pr\u00e9fecture de la s\u00fbret\u00e9 de Marrakech. Les deux malfrats qui circulaient \u00e0 bord d\u2019un v\u00e9lomoteur [&hellip;]<\/p>\n","protected":false},"author":1759,"featured_media":0,"comment_status":"closed","ping_status":"closed","sticky":false,"template":"","format":"standard","meta":{"fifu_image_url":"https:\/\/aujourdhui.ma\/wp-content\/uploads\/2021\/08\/arrestation-300x153.jpg","fifu_image_alt":"Marrakech : Arrestation de 2 voleurs \u00e0 l\u2019arrach\u00e9 et ouverture d\u2019une enqu\u00eate concernant le cambriolage de 3 commerces","footnotes":""},"categories":[73,54],"tags":[],"class_list":["post-124984","post","type-post","status-publish","format-standard","hentry","category-actualite","category-maroc"],"_links":{"self":[{"href":"https:\/\/linitiative.ca\/International\/wp-json\/wp\/v2\/posts\/124984","targetHints":{"allow":["GET"]}}],"collection":[{"href":"https:\/\/linitiative.ca\/International\/wp-json\/wp\/v2\/posts"}],"about":[{"href":"https:\/\/linitiative.ca\/International\/wp-json\/wp\/v2\/types\/post"}],"author":[{"embeddable":true,"href":"https:\/\/linitiative.ca\/International\/wp-json\/wp\/v2\/users\/1759"}],"replies":[{"embeddable":true,"href":"https:\/\/linitiative.ca\/International\/wp-json\/wp\/v2\/comments?post=124984"}],"version-history":[{"count":0,"href":"https:\/\/linitiative.ca\/International\/wp-json\/wp\/v2\/posts\/124984\/revisions"}],"wp:attachment":[{"href":"https:\/\/linitiative.ca\/International\/wp-json\/wp\/v2\/media?parent=124984"}],"wp:term":[{"taxonomy":"category","embeddable":true,"href":"https:\/\/linitiative.ca\/International\/wp-json\/wp\/v2\/categories?post=124984"},{"taxonomy":"post_tag","embeddable":true,"href":"https:\/\/linitiative.ca\/International\/wp-json\/wp\/v2\/tags?post=124984"}],"curies":[{"name":"wp","href":"https:\/\/api.w.org\/{rel}","templated":true}]}}