{"id":124988,"date":"2021-08-23T14:00:00","date_gmt":"2021-08-23T18:00:00","guid":{"rendered":"https:\/\/linitiative.ca\/International\/benabdallah-le-processus-electoral-est-confronte-a-une-utilisation-massive-et-sans-precedent-de-largent\/"},"modified":"2021-08-23T14:00:00","modified_gmt":"2021-08-23T18:00:00","slug":"benabdallah-le-processus-electoral-est-confronte-a-une-utilisation-massive-et-sans-precedent-de-largent","status":"publish","type":"post","link":"https:\/\/linitiative.ca\/International\/benabdallah-le-processus-electoral-est-confronte-a-une-utilisation-massive-et-sans-precedent-de-largent\/","title":{"rendered":"Benabdallah : \u00ab Le processus \u00e9lectoral est confront\u00e9 \u00e0 une utilisation massive et sans pr\u00e9c\u00e9dent de l\u2019argent \u00bb"},"content":{"rendered":"<div>\n<p class=\"has-text-align-center has-vivid-cyan-blue-color has-text-color\"><strong>Invit\u00e9 de l\u2019\u00e9mission \u00ab\u00a0Point \u00e0 la ligne\u00a0\u00bb AL OULA:<\/strong><\/p>\n<p class=\"has-text-align-right has-black-color has-text-color\"><strong>M\u2019Barek TAFSI\u00a0\u00a0<\/strong><\/p>\n<p class=\"has-black-color has-text-color\"><strong>Le Secr\u00e9taire G\u00e9n\u00e9ral du Parti du Progr\u00e8s et du Socialisme, Mohammed Nabil Benabdallah, qui \u00e9tait l\u2019invit\u00e9 de l\u2019\u00e9mission \u00ab\u00a0Point \u00e0 la Ligne\u00a0\u00bb, diffus\u00e9e, dimanche soir 22 ao\u00fbt sur la cha\u00eene de t\u00e9l\u00e9vision AL OULA a appr\u00e9ci\u00e9 hautement le contenu du dernier discours de SM le Roi Mohammed VI, quant \u00e0 la disposition du Maroc \u00e0 \u00e9tablir des relations \u00e9quitables avec ses partenaires et la port\u00e9e des \u00e9lections qui constituent l\u2019outil d\u00e9mocratique idoine pour mettre en place des institutions fortes et cr\u00e9dibles, qui jouissent de la confiance de tous.<\/strong><\/p>\n<p class=\"has-black-color has-text-color\">Les institutions fortes requi\u00e8rent pour leur \u00e9dification de la confiance, de la cr\u00e9dibilit\u00e9, de la qualification et de la probit\u00e9 des \u00e9lus, a-t-il dit.<\/p>\n<p class=\"has-black-color has-text-color\">Selon lui, les \u00e9lections ne sont pas un luxe. Elles ne repr\u00e9sentent pas non plus l\u2019occasion d\u2019exposer au grand jour son opulence et son argent pour vendre et acheter les \u00e9lecteurs et candidats.<\/p>\n<p class=\"has-black-color has-text-color\">Elles ne doivent pas servir comme moyen d\u2019ascension individuelle pour amasser davantage de richesses, mais comme occasion de servir le pays sur la base d\u2019un programme \u00e9lectoral d\u2019un parti politique, a-t-il expliqu\u00e9.<\/p>\n<p class=\"has-black-color has-text-color\">C\u2019est une \u00e9tape importante dans l\u2019\u00e9dification et le renforcement des institutions du pays et l\u2019occasion de consolider la cr\u00e9dibilit\u00e9 des institutions, a-t-il encore expliqu\u00e9, ajoutant que le Maroc, qui s\u2019appr\u00eate \u00e0 mettre en place un nouveau mod\u00e8le de d\u00e9veloppement, se doit de disposer d\u2019institutions \u00e9lues fortes et cr\u00e9dibles (communes, Parlement) et de dirigeants jouissant de la confiance des couches populaires, dirigeants qui \u0153uvreront dans le cadre d\u2019un gouvernement et d\u2019un parlement forts pour servir l\u2019int\u00e9r\u00eat g\u00e9n\u00e9ral et mettre en \u0153uvre les approches du nouveau mod\u00e8le de d\u00e9veloppement. \u00a0<\/p>\n<p class=\"has-black-color has-text-color\">Il s\u2019agit de concilier les Marocains avec la politique, a-t-il dit, expliquant par ailleurs que le PPS recommande entre autres dans son programme \u00e9lectoral la cr\u00e9ation d\u2019un climat plus propice \u00e0 la r\u00e9ussite des prochaines \u00e9ch\u00e9ances \u00e9lectorales, \u00e0 travers la promotion des conditions n\u00e9cessaires \u00e0 l\u2019apaisement en ce qui concerne la cl\u00f4ture des dossiers relatifs aux \u00e9v\u00e8nements d\u2019Al Hoceima et de Jerada et de journalistes.<\/p>\n<p class=\"has-black-color has-text-color\"><strong>Le nouveau positionnement international du Maroc<\/strong><\/p>\n<p>Abordant le positionnement du Maroc sur l\u2019\u00e9chiquier international, le SG du PPS a indiqu\u00e9 que le Maroc a effectivement beaucoup chang\u00e9. \u00a0Le pays a r\u00e9ussi \u00e0 s\u2019imposer au cours des derni\u00e8res ann\u00e9es comme une force r\u00e9gionale et continentale, qui entretient des relations solides avec les pays africains, a-t-il dit, ajoutant que notre pays jouit dans le m\u00eame temps d\u2019une stabilit\u00e9 politique dans un environnement international et r\u00e9gional perturb\u00e9. Il a r\u00e9alis\u00e9 des progr\u00e8s \u00e9conomiques ind\u00e9niables avec des insuffisances qu\u2019il importe de d\u00e9passer, comme recommand\u00e9 dans le nouveau mod\u00e8le de d\u00e9veloppement, a-t-il dit.<\/p>\n<p class=\"has-black-color has-text-color\">Dans le m\u00eame temps, a-t-il ajout\u00e9, le Maroc a pu \u00e9tablir et diversifier des relations fortes avec l\u2019Union europ\u00e9enne et de nombreux autres partenaires: Etats Unis, UE, Chine, Russie, monde arabe, Afrique, etc\u2026, sans se limiter \u00e0 une quelconque partie. Il rejette tout alignement sur une seule partie.<\/p>\n<p class=\"has-black-color has-text-color\"><strong>Le Maroc d\u00e9range par ses succ\u00e8s<\/strong><\/p>\n<p class=\"has-black-color has-text-color\">Et ce sont justement ces progr\u00e8s qui d\u00e9rangent d\u2019aucuns, qui refusent d\u2019admettre que le Maroc est un pays ind\u00e9pendant qui d\u00e9finit sa politique nationale sur la base de ses int\u00e9r\u00eats nationaux et conform\u00e9ment aux imp\u00e9ratifs de sa souverainet\u00e9 nationale, a-t-il dit.<\/p>\n<p class=\"has-black-color has-text-color\">Selon Benabdallah, le Maroc a effectivement chang\u00e9 en consolidant cette orientation. Pour lui le PPS ne peut que r\u00e9affirmer dans ce cas sa mobilisation derri\u00e8re SM le Roi pour d\u00e9fendre la position du pays, sa souverainet\u00e9 et son ind\u00e9pendance.<\/p>\n<p class=\"has-black-color has-text-color\">Le SG du PPS n\u2019a pas manqu\u00e9 aussi de saluer la main tendue du Maroc en direction de tous les partenaires, les invitant \u00e0 travailler ensemble dans le respect mutuel des int\u00e9r\u00eats nationaux et des fondamentaux du pays.<\/p>\n<p class=\"has-black-color has-text-color\"><strong>La r\u00e9action positive de l\u2019Espagne<\/strong><\/p>\n<p class=\"has-black-color has-text-color\">C\u2019est ainsi que le Souverain s\u2019est adress\u00e9 \u00e0 l\u2019Espagne et la r\u00e9action espagnole est venue confirmer que les crispations des relations bilat\u00e9rales et dont les causes sont aussi connues (la r\u00e9ception en catimini du chef des s\u00e9paratistes) n\u2019\u00e9taient qu\u2019un \u00e9pisode \u00e9ph\u00e9m\u00e8re \u00e0 d\u00e9passer.<\/p>\n<p class=\"has-black-color has-text-color\">Pour le Maroc, a-t-il dit, les relations maroco-espagnoles doivent \u00eatre fond\u00e9es sur des principes et non pas sur des consid\u00e9rations conjoncturelles, ajoutant que SM le Roi a \u00e9galement salu\u00e9 la France.<\/p>\n<p class=\"has-black-color has-text-color\">Et Benabdallah de souligner que le Maroc doit \u00eatre en effet respect\u00e9 en tant que tel et en tant que force g\u00e9ostrat\u00e9gique r\u00e9gionale, commerciale et autre, estimant que la r\u00e9action espagnole au discours royal est \u00e0 la hauteur et qu\u2019elle refl\u00e8te la consid\u00e9ration de la place de SM le Roi et du Maroc. Le chef du gouvernement espagnol a en effet annonc\u00e9 une approche positive, \u00e0 travers laquelle l\u2019Espagne consid\u00e8re le Maroc comme un partenaire essentiel.<\/p>\n<p class=\"has-black-color has-text-color\">La main tendue \u00e0 l\u2019Alg\u00e9rie<\/p>\n<p class=\"has-black-color has-text-color\">Par ailleurs, le Secr\u00e9taire G\u00e9n\u00e9ral du PPS a indiqu\u00e9 que les forces politiques du Maroc et les peuples de la r\u00e9gion aspirent \u00e0 une am\u00e9lioration de la situation au sein du Grand Maghreb pour permettre la reprise de l\u2019\u00e9dification de cet ensemble r\u00e9gional dans l\u2019int\u00e9r\u00eat de la r\u00e9gion et des populations.<\/p>\n<p class=\"has-black-color has-text-color\">Il a d\u00e9plor\u00e9 dans ce cadre de voir le voisin de l\u2019Est s\u2019accrocher \u00e0 des th\u00e8ses obsol\u00e8tes qui remontent \u00e0 la guerre froide et d\u2019accuser \u00e0 tort le Maroc qui lui tend la main de tous ses maux internes, (y compris des feux de for\u00eats).<\/p>\n<p class=\"has-black-color has-text-color\">Et Benabdallah de marteler que le peuple marocain et les forces politiques du pays souhaitent ardemment que l\u2019on saisisse parfaitement de l\u2019autre c\u00f4t\u00e9 de l\u2019Alg\u00e9rie que les peuples de la r\u00e9gion ont le m\u00eame destin et qu\u2019il ne faut plus perdre de temps et gaspiller les capacit\u00e9s et les ressources des pays. Il est temps de d\u00e9passer cette situation et de relancer le chantier de construction du Grand Maghreb, a-t-il dit, appelant les dirigeants alg\u00e9riens \u00e0 cesser de d\u00e9tourner leur opinion publique des probl\u00e8mes internes en cr\u00e9ant des ennemis ext\u00e9rieurs imaginaires. C\u2019est de la folie, a-t-il comment\u00e9.<\/p>\n<p class=\"has-black-color has-text-color\"><strong>F\u00e9licitations au Raja de Casablanca<\/strong><\/p>\n<p class=\"has-black-color has-text-color\">Revenant sur le dernier sacre du Raja Club Athletic, qui vient de remporter la Coupe Mohammed VI des clubs arabes champions, il lui a renouvel\u00e9 les f\u00e9licitations.<\/p>\n<p class=\"has-black-color has-text-color\">\u00a0\u00ab\u00a0Pour ma part, je r\u00e9it\u00e8re mes f\u00e9licitations au club qui honore le Maroc et les Marocains par ses titres\u00a0\u00bb, a soulign\u00e9 Benabdallah. Par ces titres, le RCA repr\u00e9sente une fiert\u00e9 nationale pour tous les Marocains et contribue \u00e0 restaurer la confiance dans la soci\u00e9t\u00e9, \u00e9tant donn\u00e9 la popularit\u00e9 du football au Maroc, a-t-il ajout\u00e9.<\/p>\n<p class=\"has-black-color has-text-color\">\u00a0Le Raja est un grand champion qui m\u00e9rite tous les \u00e9loges, a-t-il dit.<\/p>\n<p class=\"has-black-color has-text-color\"><strong>Le PPS a quitt\u00e9 le gouvernement pour protester contre la discorde qui y r\u00e9gnait<\/strong><\/p>\n<p class=\"has-black-color has-text-color\">Revenant sur la sortie du PPS du gouvernement, le Secr\u00e9taire G\u00e9n\u00e9ral du parti a soulign\u00e9 que cette initiative, men\u00e9e en toute ind\u00e9pendance et dans le respect total des r\u00e8gles de la d\u00e9mocratie interne, a donn\u00e9 au parti un nouveau souffle et une nouvelle impulsion pour se ressourcer et se donner une nouvelle cure de jouvence, en d\u00e9pit des quelques rares r\u00e9sistances pour des consid\u00e9rations purement opportunistes.<\/p>\n<p class=\"has-black-color has-text-color\">A pr\u00e9sent, cette mesure fait d\u00e9sormais l\u2019unanimit\u00e9 de tous au sein du Parti de Livre, qui a quitt\u00e9 le gouvernement dirig\u00e9 par Saad dine Othmani pour protester contre l\u2019incapacit\u00e9 de ce dernier \u00e0 poursuivre les r\u00e9formes et contre la discorde et les man\u0153uvres de sape auxquelles se livraient de mani\u00e8re syst\u00e9matique depuis la naissance de cette \u00e9quipe ses composantes\u00a0: d\u2019une part le PJD qui dirige le gouvernement et d\u2019autre part quatre autres partis.<\/p>\n<p class=\"has-black-color has-text-color\">Depuis sa naissance, ce gouvernement fonctionne ainsi ( une r\u00e9union en cours de semaine et \u00e9change de tirs et d\u2019accusations le week-end), faisant de lui le gouvernement le plus faible que le Maroc ait connu, depuis au moins le premier gouvernement de l\u2019alternance d\u00e9mocratique dirig\u00e9 par feu Abderrahmane Youssoufi et auquel le PPS a particip\u00e9.<\/p>\n<p class=\"has-black-color has-text-color\">De tous les gouvernements auxquels le PPS a particip\u00e9 au cours des 20 derni\u00e8res ann\u00e9es, celui pr\u00e9sid\u00e9 par Si Othmani est le plus faible. C\u2019\u00e9tait le gouvernement de la discorde par excellence, a-t-il insist\u00e9. Ses composantes en sapaient le fonctionnement dans le cadre de projets pr\u00e9paratoires des \u00e9ch\u00e9ances de 2021.\u00a0 \u00a0<\/p>\n<p class=\"has-black-color has-text-color\"><strong>Le PPS, une force de proposition qui m\u00e9rite toute confiance<\/strong><\/p>\n<p class=\"has-black-color has-text-color\">\u00a0\u00a0 A pr\u00e9sent le PPS poursuit son parcours en tant que force de proposition dans le cadre de l\u2019opposition nationale qu\u2019il a rejointe, apr\u00e8s avoir quitt\u00e9 le gouvernement, a-t-il dit, pr\u00e9cisant que le parti s\u2019attelle depuis \u00e0 renforcer la coordination et la concertation entre les composantes de cette opposition, \u00e0 savoir le Parti de l\u2019Istiqlal, un alli\u00e9 de longue date du parti d\u2019Ali Yata et d\u2019Ismail Alaoui du temps de la Koutla d\u00e9mocratique et le Parti de l\u2019Authenticit\u00e9 et de la Modernit\u00e9, version r\u00e9vis\u00e9e par Si Abdellatif Ouahbi.<\/p>\n<p class=\"has-black-color has-text-color\"><strong>Le PPS ne compte que sur les forces du changement pour gagner la bataille \u00e9lectorale<\/strong><\/p>\n<p class=\"has-black-color has-text-color\">Loin de tout populisme et fid\u00e8le \u00e0 ses principes et \u00e0 son id\u00e9al, le PPS ne compte que sur le discernement et la volont\u00e9 des \u00e9lecteurs \u00e0 changer le cours des choses dans le pays pour faire face \u00e0 l\u2019\u0153uvre de destruction men\u00e9e \u00e0 pr\u00e9sent contre le processus \u00e9lectoral, \u00e0 travers l\u2019utilisation massive sans pr\u00e9c\u00e9dent de l\u2019argent pour corrompre, acheter et d\u00e9tourner les \u00e9lections de leurs nobles objectifs de d\u00e9boucher sur l\u2019\u00e9mergence d\u2019institutions fortes et cr\u00e9dibles, a-t-il rappel\u00e9.<\/p>\n<p class=\"has-black-color has-text-color\">Le PPS esp\u00e8re que ceux qui boudent les \u00e9lections parmi les 18 millions d\u2019inscrits se d\u00e9cident cette fois-ci \u00e0 aller voter pour changer la situation et permettre aux forces d\u00e9mocratiques et progressistes du pays de prendre les choses en main dans l\u2019int\u00e9r\u00eat du pays et du peuple.<\/p>\n<p class=\"has-black-color has-text-color\">Il est vrai que le Maroc ait connu dans le pass\u00e9 plusieurs sortes de falsifications et de fraudes \u00e9lectorales dont la corruption des \u00e9lecteurs et le vol des urnes, mais il est vrai aussi que c\u2019est la premi\u00e8re fois que le processus est confront\u00e9 \u00e0 une utilisation massive sans pr\u00e9c\u00e9dent de l\u2019argent, qui aura sans doute un impact dangereux sur la d\u00e9mocratie du pays et tous ses acteurs, a-t-il expliqu\u00e9. Le prix d\u2019achat d\u2019un candidat par un parti politique varie entre 10 et 20 millions de Dirhams, rapporte-t-on.\u00a0<\/p>\n<p class=\"has-black-color has-text-color\">Pour ce qui le concerne et loin de tout aventurisme, le PPS a toujours opt\u00e9 pour la lutte d\u00e9mocratique pour le parach\u00e8vement du processus d\u00e9mocratique du pays, a-t-il dit, rappelant que les choix du PPS n\u2019avaient pas manqu\u00e9 de provoquer l\u2019ire de l\u2019extr\u00eame gauche et d\u2019autres.<\/p>\n<p class=\"has-black-color has-text-color\">Tout en restant fid\u00e8le \u00e0 ses principes, le PPS a r\u00e9ussi tout au long de sa lutte \u00e0 s\u2019adapter, tant bien que mal, \u00e0 la r\u00e9alit\u00e9 sociale et politique du pays, a expliqu\u00e9 le SG du PPS, qui a appel\u00e9 les forces du progr\u00e8s et du changement \u00e0 agir, \u00e0 participer massivement aux prochaines \u00e9lections et \u00e0 voter pour les candidates et les candidats du Parti du Livre, porteurs d\u2019un projet soci\u00e9tal ambitieux, \u00a0lors du scrutin du 8 septembre 2021.<\/p>\n<p class=\"has-black-color has-text-color\"><strong>Exergues\u00a0<\/strong>:<\/p>\n<ol type=\"1\" class=\"has-black-color has-text-color\">\n<li>L\u2019argent sape les r\u00e8gles du jeu d\u00e9mocratique et d\u00e9nue les institutions leur cr\u00e9dibilit\u00e9<\/li>\n<li>Ceux qui utilisent l\u2019agent contr\u00f4lent les partis, non pas sur la base des id\u00e9es et des positions, mais pour servir leurs int\u00e9r\u00eats personnels<\/li>\n<li>Le PPS appr\u00e9cie hautement le contenu du dernier discours royal<\/li>\n<li>\u2026 salue la main tendue du Maroc en direction de tous les partenaires<\/li>\n<li>\u2026\u00a0 r\u00e9affirme sa mobilisation derri\u00e8re SM le Roi pour d\u00e9fendre la position du pays, sa souverainet\u00e9 et son ind\u00e9pendance.<\/li>\n<li>Le Maroc a r\u00e9alis\u00e9 des progr\u00e8s \u00e9conomiques ind\u00e9niables avec des insuffisances qu\u2019il importe de d\u00e9passer<\/li>\n<li>Benabdallah pr\u00e9sente ses f\u00e9licitations au Raja de Casablanca, sacr\u00e9 champion arabe des Clubs<\/li>\n<li>\u2026 r\u00e9it\u00e8re son appelle aux masses \u00e0 voter pour le Parti du Livre\u00a0<\/li>\n<\/ol>\n<p>L\u2019article <a rel=\"nofollow\" href=\"http:\/\/albayane.press.ma\/benabdallah-le-processus-electoral-est-confronte-a-une-utilisation-massive-et-sans-precedent-de-largent.html\">Benabdallah : \u00ab Le processus \u00e9lectoral est confront\u00e9 \u00e0 une utilisation massive et sans pr\u00e9c\u00e9dent de l\u2019argent \u00bb<\/a> est apparu en premier sur <a rel=\"nofollow\" href=\"http:\/\/albayane.press.ma\/\">ALBAYANE<\/a>.<\/p>\n<\/div>\n<p>Auteur: M&rsquo;hammed rahal<br \/>\n<a href=\"http:\/\/albayane.press.ma\/benabdallah-le-processus-electoral-est-confronte-a-une-utilisation-massive-et-sans-precedent-de-largent.html\">Cliquez ici pour lire l&rsquo;article depuis sa source.<\/a><\/p>\n","protected":false},"excerpt":{"rendered":"<p>Invit\u00e9 de l\u2019\u00e9mission \u00ab\u00a0Point \u00e0 la ligne\u00a0\u00bb AL OULA: M\u2019Barek TAFSI\u00a0\u00a0 Le Secr\u00e9taire G\u00e9n\u00e9ral du Parti du Progr\u00e8s et du Socialisme, Mohammed Nabil Benabdallah, qui \u00e9tait l\u2019invit\u00e9 de l\u2019\u00e9mission \u00ab\u00a0Point \u00e0 la Ligne\u00a0\u00bb, diffus\u00e9e, dimanche soir 22 ao\u00fbt sur la cha\u00eene de t\u00e9l\u00e9vision AL OULA a appr\u00e9ci\u00e9 hautement le contenu du dernier discours de SM [&hellip;]<\/p>\n","protected":false},"author":1760,"featured_media":0,"comment_status":"closed","ping_status":"closed","sticky":false,"template":"","format":"standard","meta":{"fifu_image_url":"","fifu_image_alt":"","footnotes":""},"categories":[73,54],"tags":[],"class_list":["post-124988","post","type-post","status-publish","format-standard","hentry","category-actualite","category-maroc"],"_links":{"self":[{"href":"https:\/\/linitiative.ca\/International\/wp-json\/wp\/v2\/posts\/124988","targetHints":{"allow":["GET"]}}],"collection":[{"href":"https:\/\/linitiative.ca\/International\/wp-json\/wp\/v2\/posts"}],"about":[{"href":"https:\/\/linitiative.ca\/International\/wp-json\/wp\/v2\/types\/post"}],"author":[{"embeddable":true,"href":"https:\/\/linitiative.ca\/International\/wp-json\/wp\/v2\/users\/1760"}],"replies":[{"embeddable":true,"href":"https:\/\/linitiative.ca\/International\/wp-json\/wp\/v2\/comments?post=124988"}],"version-history":[{"count":0,"href":"https:\/\/linitiative.ca\/International\/wp-json\/wp\/v2\/posts\/124988\/revisions"}],"wp:attachment":[{"href":"https:\/\/linitiative.ca\/International\/wp-json\/wp\/v2\/media?parent=124988"}],"wp:term":[{"taxonomy":"category","embeddable":true,"href":"https:\/\/linitiative.ca\/International\/wp-json\/wp\/v2\/categories?post=124988"},{"taxonomy":"post_tag","embeddable":true,"href":"https:\/\/linitiative.ca\/International\/wp-json\/wp\/v2\/tags?post=124988"}],"curies":[{"name":"wp","href":"https:\/\/api.w.org\/{rel}","templated":true}]}}