{"id":124990,"date":"2021-08-23T14:00:00","date_gmt":"2021-08-23T18:00:00","guid":{"rendered":"https:\/\/linitiative.ca\/International\/nouveautes-pour-les-candidatures-aux-conseils-des-prefectures-des-provinces-et-des-communes\/"},"modified":"2021-08-23T14:00:00","modified_gmt":"2021-08-23T18:00:00","slug":"nouveautes-pour-les-candidatures-aux-conseils-des-prefectures-des-provinces-et-des-communes","status":"publish","type":"post","link":"https:\/\/linitiative.ca\/International\/nouveautes-pour-les-candidatures-aux-conseils-des-prefectures-des-provinces-et-des-communes\/","title":{"rendered":"Nouveaut\u00e9s pour les candidatures aux conseils des pr\u00e9fectures, des provinces et des communes"},"content":{"rendered":"<div>\n<p class=\"has-text-align-center has-vivid-cyan-blue-color has-text-color\"><strong>Election du 8 septembre<\/strong><\/p>\n<p class=\"has-black-color has-text-color\"><strong>Les lois organiques relatives au syst\u00e8me encadrant les \u00e9ch\u00e9ances \u00e9lectorales comportent de nombreuses nouveaut\u00e9s concernant les r\u00e8gles de candidatures aux \u00e9lections des conseils de pr\u00e9fectures et des provinces, tout en soutenant la repr\u00e9sentativit\u00e9 f\u00e9minine et introduisant d\u2019autres am\u00e9liorations li\u00e9es \u00e0 l\u2019\u00e9lection des membres dans les conseils communaux.<\/strong><\/p>\n<p class=\"has-black-color has-text-color\">Ainsi, la loi organique n\u00b0 06.21 modifiant et compl\u00e9tant la loi organique n\u00b0 59.11 relative \u00e0 l\u2019\u00e9lection des membres des conseils de communes concernant les conseils de pr\u00e9fectures, met en place un m\u00e9canisme l\u00e9gislatif pour garantir la repr\u00e9sentativit\u00e9 des femmes au sein de ces conseils.<\/p>\n<p class=\"has-black-color has-text-color\">Dans ce cadre, l\u2019article 110 de la loi organique pr\u00e9cise que la liste de candidatures est constitu\u00e9e de deux parties, dont la seconde est d\u00e9di\u00e9e exclusivement aux candidatures des femmes, sans impacter le droit de celles-ci \u00e0 se porter candidates pour le compte des si\u00e8ges r\u00e9serv\u00e9s \u00e0 la premi\u00e8re partie de la liste.<\/p>\n<p class=\"has-black-color has-text-color\">Selon le m\u00eame article, le nombre de si\u00e8ges attribu\u00e9s \u00e0 la deuxi\u00e8me partie est calcul\u00e9 suivant le tiers des si\u00e8ges \u00e0 occuper au niveau du conseil de la pr\u00e9fecture ou de la province, le nombre \u00e9tant port\u00e9, le cas \u00e9ch\u00e9ant, au plus haut nombre entier.<\/p>\n<p class=\"has-black-color has-text-color\">D\u2019autre part, la loi pr\u00e9voit une r\u00e9vision du nombre de collectivit\u00e9s territoriales dont les membres du conseil sont \u00e9lus par vote de liste, compte tenu de la nature de la relation directe et forte entre les \u00e9lecteurs et les candidats des communes concern\u00e9es et ce, en augmentant la population requise \u00e0 50 000 personnes pour mettre en \u0153uvre le mod\u00e8le du scrutin.<\/p>\n<p class=\"has-black-color has-text-color\">Dans le but de moraliser le mandat \u00e9lectoral communal, la loi pr\u00e9voit dans son article 153, qu\u2019aucun membre d\u2019un conseil communal ayant d\u00e9missionn\u00e9 ne peut se porter candidat au m\u00eame conseil durant le m\u00eame mandat.<br \/>Cette disposition donnera la cr\u00e9dibilit\u00e9 n\u00e9cessaire au mandat communal et assurera le respect de sa noble finalit\u00e9 loin de toute man\u0153uvre.<\/p>\n<p class=\"has-black-color has-text-color\">La loi a \u00e9galement adopt\u00e9 les propositions d\u2019amendements pour les Chambres des repr\u00e9sentants et des conseillers, en ce qui concerne la moralisation des campagnes \u00e9lectorales et l\u2019assurance de leur transparence, la g\u00e9n\u00e9ralisation de la condition d\u2019obtenir un nombre minimum de voix pour donner une l\u00e9gitimit\u00e9 repr\u00e9sentative aux \u00e9lus et approuver la validit\u00e9 de la liste de candidature.<\/p>\n<p>L\u2019article <a rel=\"nofollow\" href=\"http:\/\/albayane.press.ma\/nouveautes-pour-les-candidatures-aux-conseils-des-prefectures-des-provinces-et-des-communes.html\">Nouveaut\u00e9s pour les candidatures aux conseils des pr\u00e9fectures, des provinces et des communes<\/a> est apparu en premier sur <a rel=\"nofollow\" href=\"http:\/\/albayane.press.ma\/\">ALBAYANE<\/a>.<\/p>\n<\/div>\n<p>Auteur: M&rsquo;hammed rahal<br \/>\n<a href=\"http:\/\/albayane.press.ma\/nouveautes-pour-les-candidatures-aux-conseils-des-prefectures-des-provinces-et-des-communes.html\">Cliquez ici pour lire l&rsquo;article depuis sa source.<\/a><\/p>\n","protected":false},"excerpt":{"rendered":"<p>Election du 8 septembre Les lois organiques relatives au syst\u00e8me encadrant les \u00e9ch\u00e9ances \u00e9lectorales comportent de nombreuses nouveaut\u00e9s concernant les r\u00e8gles de candidatures aux \u00e9lections des conseils de pr\u00e9fectures et des provinces, tout en soutenant la repr\u00e9sentativit\u00e9 f\u00e9minine et introduisant d\u2019autres am\u00e9liorations li\u00e9es \u00e0 l\u2019\u00e9lection des membres dans les conseils communaux. Ainsi, la loi organique [&hellip;]<\/p>\n","protected":false},"author":1760,"featured_media":0,"comment_status":"closed","ping_status":"closed","sticky":false,"template":"","format":"standard","meta":{"fifu_image_url":"","fifu_image_alt":"","footnotes":""},"categories":[73,54],"tags":[],"class_list":["post-124990","post","type-post","status-publish","format-standard","hentry","category-actualite","category-maroc"],"_links":{"self":[{"href":"https:\/\/linitiative.ca\/International\/wp-json\/wp\/v2\/posts\/124990","targetHints":{"allow":["GET"]}}],"collection":[{"href":"https:\/\/linitiative.ca\/International\/wp-json\/wp\/v2\/posts"}],"about":[{"href":"https:\/\/linitiative.ca\/International\/wp-json\/wp\/v2\/types\/post"}],"author":[{"embeddable":true,"href":"https:\/\/linitiative.ca\/International\/wp-json\/wp\/v2\/users\/1760"}],"replies":[{"embeddable":true,"href":"https:\/\/linitiative.ca\/International\/wp-json\/wp\/v2\/comments?post=124990"}],"version-history":[{"count":0,"href":"https:\/\/linitiative.ca\/International\/wp-json\/wp\/v2\/posts\/124990\/revisions"}],"wp:attachment":[{"href":"https:\/\/linitiative.ca\/International\/wp-json\/wp\/v2\/media?parent=124990"}],"wp:term":[{"taxonomy":"category","embeddable":true,"href":"https:\/\/linitiative.ca\/International\/wp-json\/wp\/v2\/categories?post=124990"},{"taxonomy":"post_tag","embeddable":true,"href":"https:\/\/linitiative.ca\/International\/wp-json\/wp\/v2\/tags?post=124990"}],"curies":[{"name":"wp","href":"https:\/\/api.w.org\/{rel}","templated":true}]}}