{"id":124991,"date":"2021-08-23T14:00:00","date_gmt":"2021-08-23T18:00:00","guid":{"rendered":"https:\/\/linitiative.ca\/International\/une-tradition-seculaire-dans-la-poterie\/"},"modified":"2021-08-23T14:00:00","modified_gmt":"2021-08-23T18:00:00","slug":"une-tradition-seculaire-dans-la-poterie","status":"publish","type":"post","link":"https:\/\/linitiative.ca\/International\/une-tradition-seculaire-dans-la-poterie\/","title":{"rendered":"Une tradition s\u00e9culaire dans la poterie"},"content":{"rendered":"<div>\n<p class=\"has-text-align-center has-vivid-red-color has-text-color\"><strong>Erfoud<\/strong><\/p>\n<p class=\"has-black-color has-text-color\"><strong>La poterie constitue une activit\u00e9 artisanale importante au niveau d\u2019Erfoud, dans la province d\u2019Errachidia, et repr\u00e9sente un patrimoine culturel et civilisationnel l\u00e9gu\u00e9 par les anc\u00eatres dans cette r\u00e9gion du sud-est du Maroc.<\/strong><\/p>\n<p class=\"has-black-color has-text-color\">Ce secteur d\u2019activit\u00e9 artisanale, dont les principaux sites de production se situent dans la commune d\u2019Es-Sifa, \u00e0 9 km de la ville d\u2019Erfoud, emploie des dizaines de personnes de fa\u00e7on permanente et un grand nombre de saisonniers.<\/p>\n<p class=\"has-black-color has-text-color\">La poterie, qui est ancr\u00e9e dans la tradition locale depuis des si\u00e8cles, illustre ici un savoir-faire artisanal transmis de g\u00e9n\u00e9ration en g\u00e9n\u00e9ration et que plusieurs acteurs concern\u00e9s essayent, tant bien que mal, de perfectionner pour attirer une nouvelle client\u00e8le.<\/p>\n<p class=\"has-black-color has-text-color\">Diff\u00e9rente de la poterie citadine, fine et reprenant les motifs g\u00e9om\u00e9triques, la poterie d\u2019Es-Sifa, dite rurale, est r\u00e9put\u00e9e pour \u00eatre sobre et moins color\u00e9e, mais tout aussi d\u00e9corative.<\/p>\n<p class=\"has-black-color has-text-color\">Le proc\u00e9d\u00e9 de fabrication de la poterie requiert une grande patience. En effet, les potiers traditionnels d\u2019Es-Sifa recueillent et pr\u00e9parent eux-m\u00eames leur argile qu\u2019ils font s\u00e9cher au soleil pendant plusieurs jours, avant de la soumettre \u00e0 des proc\u00e9d\u00e9s notamment de lissage et malaxage.<\/p>\n<p class=\"has-black-color has-text-color\">Apr\u00e8s ce travail laborieux, le potier commence \u00e0 p\u00e9trir l\u2019argile pour pr\u00e9parer la confection d\u2019un article donn\u00e9, avant sa cuisson au four traditionnel durant plusieurs heures.<\/p>\n<p class=\"has-black-color has-text-color\">A Es-Sifa, les potiers traditionnels fabriquent diff\u00e9rents articles de poterie, dont des vases, des briques rouges, toutes sortes de r\u00e9cipients ou des objets pour d\u00e9coration int\u00e9rieure. Mais le produit phare de la poterie de cette commune de la province d\u2019Errachidia reste la Khabia, cette jarre utilis\u00e9e pour conserver l\u2019eau fraiche et la purifier.<\/p>\n<p class=\"has-black-color has-text-color\">Brahim El Ghandour, vice-pr\u00e9sident de la coop\u00e9rative Al Amal de poterie \u00e0 Es-Sifa, met en relief l\u2019importance socio-\u00e9conomique de la poterie dans cette commune, en tant qu\u2019activit\u00e9 artisanale g\u00e9n\u00e9ratrice de revenus pour plusieurs familles.<\/p>\n<p class=\"has-black-color has-text-color\">\u00ab\u00a0Chez nous, on est potier de p\u00e8re en fils depuis des si\u00e8cles\u00a0\u00bb, a-t-il ajout\u00e9 dans une d\u00e9claration \u00e0 la MAP, soulignant que plusieurs artisans pratiquant cette activit\u00e9 se sont regroup\u00e9s, depuis 2010, dans le cadre de la coop\u00e9rative Al Amal.<br \/>M. El Ghandour a fait savoir qu\u2019une vingtaine de familles dans la commune rurale d\u2019Es-Sifa vivent de la poterie, ajoutant qu\u2019elles poss\u00e8dent des fours traditionnels.<\/p>\n<p class=\"has-black-color has-text-color\">Il a relev\u00e9 que la jarre d\u2019eau traditionnelle en terre cuite, appel\u00e9e Khabia, est le produit le plus demand\u00e9, surtout en \u00e9t\u00e9, en raison de sa capacit\u00e9 \u00e0 garder l\u2019eau fra\u00eeche et \u00e0 la purifier, ajoutant que d\u2019autres articles de poterie sont produits \u00e0 Es-Sifa, comme les vases, les r\u00e9cipients, les briques rouges et des objets de d\u00e9coration.<\/p>\n<p class=\"has-black-color has-text-color\">Evoquant les proc\u00e9d\u00e9s suivis par les artisans locaux pour la fabrication de ces articles, M. El Ghandour a indiqu\u00e9 qu\u2019ils sont fond\u00e9s sur des techniques traductionnelles l\u00e9gu\u00e9es de p\u00e8re en fils, soulignant que les potiers regroup\u00e9s dans la coop\u00e9rative Al Amal ont la volont\u00e9 de moderniser leur production afin de conqu\u00e9rir de nouveaux march\u00e9s au niveau national.<\/p>\n<p class=\"has-black-color has-text-color\">Il a plaid\u00e9 pour un soutien aux artisans, notamment en les \u00e9quipant de fours \u00e9lectriques qui facilitent \u00e9norm\u00e9ment l\u2019op\u00e9ration de cuisson de l\u2019argile, sachant que le type de cette mati\u00e8re naturelle existant au niveau de la commune d\u2019Es-Sifa est connu pour sa bonne qualit\u00e9 et sa r\u00e9sistance \u00e0 la chaleur des fours.<\/p>\n<p class=\"has-black-color has-text-color\">Il a soulign\u00e9 aussi l\u2019importance de soutenir les artisans en mati\u00e8re de commercialisation de leurs produits, surtout qu\u2019ils n\u2019ont pas actuellement les moyens de le faire en dehors du territoire de la province d\u2019Errachidia.<\/p>\n<p class=\"has-black-color has-text-color\">M. El Ghandour a d\u00e9plor\u00e9, toutefois, le manque d\u2019int\u00e9r\u00eat des jeunes de la commune au m\u00e9tier de potier, estimant que cette situation risque d\u2019entraver les efforts visant \u00e0 perp\u00e9tuer cette activit\u00e9 artisanale au niveau local.<br \/>La poterie \u00e0 Erfoud est une activit\u00e9 artisanale qui ne date pas d\u2019hier. Elle gagnerait \u00e0 \u00eatre valoris\u00e9e afin d\u2019assurer sa continuit\u00e9.<\/p>\n<figure class=\"wp-block-gallery columns-3 is-cropped\">\n<ul class=\"blocks-gallery-grid\">\n<li class=\"blocks-gallery-item\">\n<figure><img decoding=\"async\" loading=\"lazy\" width=\"509\" height=\"300\" src=\"https:\/\/linitiative.ca\/International\/wp-content\/uploads\/sites\/23\/2021\/08\/2-97.jpg\" alt=\"\" data-id=\"119085\" class=\"wp-image-119085\"><\/figure>\n<\/li>\n<li class=\"blocks-gallery-item\">\n<figure><img decoding=\"async\" loading=\"lazy\" width=\"508\" height=\"300\" src=\"https:\/\/linitiative.ca\/International\/wp-content\/uploads\/sites\/23\/2021\/08\/8-2.jpg\" alt=\"\" data-id=\"119086\" data-link=\"http:\/\/albayane.press.ma\/?attachment_id=119086#main\" class=\"wp-image-119086\"><\/figure>\n<\/li>\n<li class=\"blocks-gallery-item\">\n<figure><img decoding=\"async\" loading=\"lazy\" width=\"508\" height=\"300\" src=\"https:\/\/linitiative.ca\/International\/wp-content\/uploads\/sites\/23\/2021\/08\/4-57.jpg\" alt=\"\" data-id=\"119087\" data-full-url=\"https:\/\/linitiative.ca\/International\/wp-content\/uploads\/sites\/23\/2021\/08\/4-57.jpg\" data-link=\"http:\/\/albayane.press.ma\/?attachment_id=119087#main\" class=\"wp-image-119087\"><\/figure>\n<\/li>\n<\/ul>\n<\/figure>\n<p>L\u2019article <a rel=\"nofollow\" href=\"http:\/\/albayane.press.ma\/une-tradition-seculaire-dans-la-poterie.html\">Une tradition s\u00e9culaire dans la poterie<\/a> est apparu en premier sur <a rel=\"nofollow\" href=\"http:\/\/albayane.press.ma\/\">ALBAYANE<\/a>.<\/p>\n<\/div>\n<p>Auteur: M&rsquo;hammed rahal<br \/>\n<a href=\"http:\/\/albayane.press.ma\/une-tradition-seculaire-dans-la-poterie.html\">Cliquez ici pour lire l&rsquo;article depuis sa source.<\/a><\/p>\n","protected":false},"excerpt":{"rendered":"<p>Erfoud La poterie constitue une activit\u00e9 artisanale importante au niveau d\u2019Erfoud, dans la province d\u2019Errachidia, et repr\u00e9sente un patrimoine culturel et civilisationnel l\u00e9gu\u00e9 par les anc\u00eatres dans cette r\u00e9gion du sud-est du Maroc. Ce secteur d\u2019activit\u00e9 artisanale, dont les principaux sites de production se situent dans la commune d\u2019Es-Sifa, \u00e0 9 km de la ville [&hellip;]<\/p>\n","protected":false},"author":1760,"featured_media":0,"comment_status":"closed","ping_status":"closed","sticky":false,"template":"","format":"standard","meta":{"fifu_image_url":"http:\/\/albayane.press.ma\/wp-content\/uploads\/2-97.jpg","fifu_image_alt":"Une tradition s\u00e9culaire dans la poterie","footnotes":""},"categories":[73,54],"tags":[],"class_list":["post-124991","post","type-post","status-publish","format-standard","hentry","category-actualite","category-maroc"],"_links":{"self":[{"href":"https:\/\/linitiative.ca\/International\/wp-json\/wp\/v2\/posts\/124991","targetHints":{"allow":["GET"]}}],"collection":[{"href":"https:\/\/linitiative.ca\/International\/wp-json\/wp\/v2\/posts"}],"about":[{"href":"https:\/\/linitiative.ca\/International\/wp-json\/wp\/v2\/types\/post"}],"author":[{"embeddable":true,"href":"https:\/\/linitiative.ca\/International\/wp-json\/wp\/v2\/users\/1760"}],"replies":[{"embeddable":true,"href":"https:\/\/linitiative.ca\/International\/wp-json\/wp\/v2\/comments?post=124991"}],"version-history":[{"count":0,"href":"https:\/\/linitiative.ca\/International\/wp-json\/wp\/v2\/posts\/124991\/revisions"}],"wp:attachment":[{"href":"https:\/\/linitiative.ca\/International\/wp-json\/wp\/v2\/media?parent=124991"}],"wp:term":[{"taxonomy":"category","embeddable":true,"href":"https:\/\/linitiative.ca\/International\/wp-json\/wp\/v2\/categories?post=124991"},{"taxonomy":"post_tag","embeddable":true,"href":"https:\/\/linitiative.ca\/International\/wp-json\/wp\/v2\/tags?post=124991"}],"curies":[{"name":"wp","href":"https:\/\/api.w.org\/{rel}","templated":true}]}}