{"id":124995,"date":"2021-08-23T14:00:00","date_gmt":"2021-08-23T18:00:00","guid":{"rendered":"https:\/\/linitiative.ca\/International\/le-marche-reprend-peu-a-peu-sa-belle-forme\/"},"modified":"2021-08-23T14:00:00","modified_gmt":"2021-08-23T18:00:00","slug":"le-marche-reprend-peu-a-peu-sa-belle-forme","status":"publish","type":"post","link":"https:\/\/linitiative.ca\/International\/le-marche-reprend-peu-a-peu-sa-belle-forme\/","title":{"rendered":"Le march\u00e9 reprend peu \u00e0 peu sa belle forme"},"content":{"rendered":"<div>\n<p class=\"has-text-align-center has-vivid-cyan-blue-color has-text-color\"><strong>Location des maisons de vacances<\/strong><\/p>\n<p class=\"has-text-align-right\"><strong>Par Bassma Rayadi \u2013 MAP<\/strong><\/p>\n<p class=\"has-black-color has-text-color\"><strong>En pleine saison estivale, marqu\u00e9e cette ann\u00e9e par la reprise des vols internationaux et le retour des Marocains r\u00e9sidant \u00e0 l\u2019\u00e9tranger (MRE), le march\u00e9 de la location des maisons de vacances, qui d\u2019habitude conna\u00eet un fort engouement durant cette p\u00e9riode, commence \u00e0 reprendre peu \u00e0 peu sa belle forme.<\/strong><\/p>\n<p class=\"has-black-color has-text-color\">Apr\u00e8s l\u2019\u00e9t\u00e9 2020 marqu\u00e9 par la pand\u00e9mie de Covid-19, celui de cette ann\u00e9e promet une redynamisation du march\u00e9 de location des vacances, et ce gr\u00e2ce \u00e0 la campagne de vaccination men\u00e9e avec brio au Royaume, permettant ainsi aux citoyens de voyager et profiter des nombreuses potentialit\u00e9s touristiques dont regorge le pays.<\/p>\n<p class=\"has-black-color has-text-color\">Malgr\u00e9 l\u2019entr\u00e9e en vigueur du couvre feu nocturne \u00e0 partir de 21h, les maisons de vacances n\u2019ont pas manqu\u00e9 d\u2019attirer plusieurs estivants, et notamment les MRE d\u00e9sireux de profiter de l\u2019\u00e9t\u00e9 et de visiter les villes baln\u00e9aires. Ainsi, un grand engouement se manifeste pour la location des maisons dans plusieurs destinations pris\u00e9es par les visiteurs en \u00e9t\u00e9 dont la r\u00e9gion du Nord, Agadir, Marrakech, Essaouira\u2026<\/p>\n<p class=\"has-black-color has-text-color\">Cette affluence a \u00e9t\u00e9 observ\u00e9e d\u00e8s la fin des examens scolaires et universitaires o\u00f9 la demande de location des maisons de vacances n\u2019a cess\u00e9 de progresser, a affirm\u00e9 un agent immobilier op\u00e9rant \u00e0 la ville de Tanger, notant que les prix varient selon le type de biens (complexe r\u00e9sidentiel, appartement ou villa) et la dur\u00e9e de la location.<\/p>\n<p class=\"has-black-color has-text-color\">\u00ab\u00a0La plupart de nos clients actuellement sont des MRE\u00a0\u00bb, a-t-il ajout\u00e9, esp\u00e9rant que les recettes de cette ann\u00e9e permettront d\u2019effacer en partie les lourdes pertes de l\u2019ann\u00e9e derni\u00e8re. Pour sa part, un propri\u00e9taire d\u2019une maison de vacances \u00e0 Agadir a fait part d\u2019un int\u00e9r\u00eat important des touristes pour cette ville c\u00f4ti\u00e8re, notant que sa maison situ\u00e9e dans un complexe r\u00e9sidentiel est lou\u00e9e depuis d\u00e9but juillet et r\u00e9serv\u00e9e jusqu\u2019\u00e0 la fin du mois d\u2019ao\u00fbt.<\/p>\n<p class=\"has-black-color has-text-color\">Les r\u00e9gions d\u2019Imi Ouaddar et Taghazout connaissent un grand afflux et attirent les estivants de tout bord, c\u2019est ce qui fait que plusieurs maisons de vacances sont lou\u00e9es ou r\u00e9serv\u00e9es \u00e0 des prix abordables pour toute la p\u00e9riode d\u2019\u00e9t\u00e9, a-t-il expliqu\u00e9.<\/p>\n<p class=\"has-black-color has-text-color\">En ce qui concerne les prix, ils varient g\u00e9n\u00e9ralement entre 400 \u00e0 700 dirhams la nuit\u00e9e pour un appartement pied dans l\u2019eau, compos\u00e9 de deux chambres et un salon, tandis que pour les villas, le prix monte \u00e0 une fourchette entre 1.200 et 2.000 dirhams, selon les agents immobiliers, a-t-il fait savoir, estimant que ces prix devraient augmenter davantage avec la hausse de la demande.<\/p>\n<p class=\"has-black-color has-text-color\">Par ailleurs, les derni\u00e8res statistiques du site immobilier Mubawab indiquent que la demande sur ce segment a repris une bonne dynamique sur les premiers mois de l\u2019ann\u00e9e 2021, et ce en d\u00e9pit de la situation sanitaire.<\/p>\n<p class=\"has-black-color has-text-color\">La demande sur le march\u00e9 de la location de vacances au Maroc reprend sa dynamique au cours des premiers mois de l\u2019ann\u00e9e 2021. Ce dynamisme semble se poursuivre avec des perspectives encourageantes, selon le site immobilier.<\/p>\n<p class=\"has-black-color has-text-color\">En ce qui concerne les quatre premiers mois de 2021, l\u2019offre des biens d\u00e9di\u00e9s \u00e0 la location de vacances est en chute de 52% par rapport \u00e0 la m\u00eame p\u00e9riode en 2020, tandis que l\u2019offre d\u2019appartements est en recul de 56%, et l\u2019offre de villas est en croissance de 29%.\u00a0 Les statistiques notent \u00e9galement que Marrakech constitue d\u00e9sormais 41% de l\u2019offre contre 40% en 2020, et que le prix d\u2019une nuit\u00e9e en appartement dans cette ville est de 500 dirhams, soit -35% par rapport \u00e0 l\u2019ann\u00e9e pr\u00e9c\u00e9dente.<\/p>\n<p class=\"has-black-color has-text-color\">Pour la p\u00e9riode situ\u00e9e entre f\u00e9vrier-mars 2021, elle a enregistr\u00e9 une \u00e9volution mensuelle de 17%, pr\u00e9cise Mubawab.<br \/>Le march\u00e9 de location de vacances semble ainsi maintenir une bonne dynamique et compte \u00e9norm\u00e9ment sur cette saison d\u2019\u00e9t\u00e9 pour r\u00e9cup\u00e9rer apr\u00e8s une ann\u00e9e difficile, avec des perspectives encourageantes qui se font d\u2019ores et d\u00e9j\u00e0 ressentir dans les diff\u00e9rentes r\u00e9gions du Royaume.<\/p>\n<p>L\u2019article <a rel=\"nofollow\" href=\"http:\/\/albayane.press.ma\/le-marche-reprend-peu-a-peu-sa-belle-forme.html\">Le march\u00e9 reprend peu \u00e0 peu sa belle forme<\/a> est apparu en premier sur <a rel=\"nofollow\" href=\"http:\/\/albayane.press.ma\/\">ALBAYANE<\/a>.<\/p>\n<\/div>\n<p>Auteur: M&rsquo;hammed rahal<br \/>\n<a href=\"http:\/\/albayane.press.ma\/le-marche-reprend-peu-a-peu-sa-belle-forme.html\">Cliquez ici pour lire l&rsquo;article depuis sa source.<\/a><\/p>\n","protected":false},"excerpt":{"rendered":"<p>Location des maisons de vacances Par Bassma Rayadi \u2013 MAP En pleine saison estivale, marqu\u00e9e cette ann\u00e9e par la reprise des vols internationaux et le retour des Marocains r\u00e9sidant \u00e0 l\u2019\u00e9tranger (MRE), le march\u00e9 de la location des maisons de vacances, qui d\u2019habitude conna\u00eet un fort engouement durant cette p\u00e9riode, commence \u00e0 reprendre peu \u00e0 [&hellip;]<\/p>\n","protected":false},"author":1760,"featured_media":0,"comment_status":"closed","ping_status":"closed","sticky":false,"template":"","format":"standard","meta":{"fifu_image_url":"","fifu_image_alt":"","footnotes":""},"categories":[73,54],"tags":[],"class_list":["post-124995","post","type-post","status-publish","format-standard","hentry","category-actualite","category-maroc"],"_links":{"self":[{"href":"https:\/\/linitiative.ca\/International\/wp-json\/wp\/v2\/posts\/124995","targetHints":{"allow":["GET"]}}],"collection":[{"href":"https:\/\/linitiative.ca\/International\/wp-json\/wp\/v2\/posts"}],"about":[{"href":"https:\/\/linitiative.ca\/International\/wp-json\/wp\/v2\/types\/post"}],"author":[{"embeddable":true,"href":"https:\/\/linitiative.ca\/International\/wp-json\/wp\/v2\/users\/1760"}],"replies":[{"embeddable":true,"href":"https:\/\/linitiative.ca\/International\/wp-json\/wp\/v2\/comments?post=124995"}],"version-history":[{"count":0,"href":"https:\/\/linitiative.ca\/International\/wp-json\/wp\/v2\/posts\/124995\/revisions"}],"wp:attachment":[{"href":"https:\/\/linitiative.ca\/International\/wp-json\/wp\/v2\/media?parent=124995"}],"wp:term":[{"taxonomy":"category","embeddable":true,"href":"https:\/\/linitiative.ca\/International\/wp-json\/wp\/v2\/categories?post=124995"},{"taxonomy":"post_tag","embeddable":true,"href":"https:\/\/linitiative.ca\/International\/wp-json\/wp\/v2\/tags?post=124995"}],"curies":[{"name":"wp","href":"https:\/\/api.w.org\/{rel}","templated":true}]}}