{"id":124996,"date":"2021-08-24T09:30:00","date_gmt":"2021-08-24T13:30:00","guid":{"rendered":"https:\/\/linitiative.ca\/International\/le-confinement-a-domicile-reamenage-de-22h-a-6h\/"},"modified":"2021-08-24T09:30:00","modified_gmt":"2021-08-24T13:30:00","slug":"le-confinement-a-domicile-reamenage-de-22h-a-6h","status":"publish","type":"post","link":"https:\/\/linitiative.ca\/International\/le-confinement-a-domicile-reamenage-de-22h-a-6h\/","title":{"rendered":"Le confinement \u00e0 domicile r\u00e9am\u00e9nag\u00e9 de 22h \u00e0 6h"},"content":{"rendered":"<div>Le Gouvernement a d\u00e9cid\u00e9 de r\u00e9am\u00e9nager les horaires de confinement partiel \u00e0 domicile pour passer de 22h \u00e0 6h, \u00e0 compter de demain, mercredi.<\/div>\n<p>Auteur:<br \/>\n<a href=\"https:\/\/www.liberte-algerie.com\/actualite\/le-confinement-a-domicile-reamenage-de-22h-a-6h-363856\">Cliquez ici pour lire l&rsquo;article depuis sa source.<\/a><\/p>\n","protected":false},"excerpt":{"rendered":"<p>Le Gouvernement a d\u00e9cid\u00e9 de r\u00e9am\u00e9nager les horaires de confinement partiel \u00e0 domicile pour passer de 22h \u00e0 6h, \u00e0 compter de demain, mercredi. Auteur: Cliquez ici pour lire l&rsquo;article depuis sa source.<\/p>\n","protected":false},"author":1742,"featured_media":0,"comment_status":"closed","ping_status":"closed","sticky":false,"template":"","format":"standard","meta":{"fifu_image_url":"","fifu_image_alt":"","footnotes":""},"categories":[73,53],"tags":[],"class_list":["post-124996","post","type-post","status-publish","format-standard","hentry","category-actualite","category-algerie"],"_links":{"self":[{"href":"https:\/\/linitiative.ca\/International\/wp-json\/wp\/v2\/posts\/124996","targetHints":{"allow":["GET"]}}],"collection":[{"href":"https:\/\/linitiative.ca\/International\/wp-json\/wp\/v2\/posts"}],"about":[{"href":"https:\/\/linitiative.ca\/International\/wp-json\/wp\/v2\/types\/post"}],"author":[{"embeddable":true,"href":"https:\/\/linitiative.ca\/International\/wp-json\/wp\/v2\/users\/1742"}],"replies":[{"embeddable":true,"href":"https:\/\/linitiative.ca\/International\/wp-json\/wp\/v2\/comments?post=124996"}],"version-history":[{"count":0,"href":"https:\/\/linitiative.ca\/International\/wp-json\/wp\/v2\/posts\/124996\/revisions"}],"wp:attachment":[{"href":"https:\/\/linitiative.ca\/International\/wp-json\/wp\/v2\/media?parent=124996"}],"wp:term":[{"taxonomy":"category","embeddable":true,"href":"https:\/\/linitiative.ca\/International\/wp-json\/wp\/v2\/categories?post=124996"},{"taxonomy":"post_tag","embeddable":true,"href":"https:\/\/linitiative.ca\/International\/wp-json\/wp\/v2\/tags?post=124996"}],"curies":[{"name":"wp","href":"https:\/\/api.w.org\/{rel}","templated":true}]}}