{"id":125003,"date":"2021-08-23T14:38:02","date_gmt":"2021-08-23T18:38:02","guid":{"rendered":"https:\/\/linitiative.ca\/International\/la-rentree-scolaire-aura-lieu-de-maniere-effective-le-10-septembre-2021\/"},"modified":"2021-08-23T14:38:02","modified_gmt":"2021-08-23T18:38:02","slug":"la-rentree-scolaire-aura-lieu-de-maniere-effective-le-10-septembre-2021","status":"publish","type":"post","link":"https:\/\/linitiative.ca\/International\/la-rentree-scolaire-aura-lieu-de-maniere-effective-le-10-septembre-2021\/","title":{"rendered":"La rentr\u00e9e scolaire aura lieu de mani\u00e8re effective le 10 septembre 2021"},"content":{"rendered":"<div>\n<div style=\"margin-bottom:20px;\"><img loading=\"lazy\" decoding=\"async\" width=\"750\" height=\"430\" src=\"https:\/\/linitiative.ca\/International\/wp-content\/uploads\/sites\/23\/2021\/08\/rentrC3A9e-scolaire-C3A0-la-rC3A9gion-de-lOriental-M750C397430-Archive.jpg\" class=\"attachment-post-thumbnail size-post-thumbnail wp-post-image\" alt=\"\" srcset=\"https:\/\/linitiative.ca\/International\/wp-content\/uploads\/sites\/23\/2021\/08\/rentrC3A9e-scolaire-C3A0-la-rC3A9gion-de-lOriental-M750C397430-Archive.jpg 750w, http:\/\/www.mapoujda.ma\/map\/uploads\/2019\/09\/rentr\u00e9e-scolaire-\u00e0-la-r\u00e9gion-de-lOriental-M750\u00d7430-Archive-300x172.jpg 300w\" sizes=\"auto, (max-width: 750px) 100vw, 750px\"><\/div>\n<p style=\"text-align: justify;\">La rentr\u00e9e scolaire aura lieu de mani\u00e8re effective le vendredi 10 septembre 2021 au lieu du vendredi 03 septembre, a annonc\u00e9 le ministre de l\u2019\u00c9ducation nationale, de la Formation professionnelle, de l\u2019Enseignement sup\u00e9rieur et de la Recherche scientifique, Porte-parole du gouvernement.<\/p>\n<p style=\"text-align: justify;\">Conform\u00e9ment \u00e0 l\u2019article 1 de l\u2019arr\u00eat\u00e9 relatif \u00e0 l\u2019organisation de l\u2019ann\u00e9e scolaire 2021-2022, qui stipule, le cas \u00e9ch\u00e9ant, la possibilit\u00e9 de modifier et d\u2019adapter ses dispositions, il a \u00e9t\u00e9 d\u00e9cid\u00e9 le lancement effectif de la rentr\u00e9e p\u00e9dagogique le vendredi 10 septembre 2021 au lieu du vendredi 03 septembre 2021, a affirm\u00e9 un communiqu\u00e9 publi\u00e9 \u00e0 l\u2019issue du Conseil de gouvernement, tenu lundi, par visioconf\u00e9rence sous la pr\u00e9sidence du Chef du gouvernement Saad Dine El Otmani.<\/p>\n<p style=\"text-align: justify;\">Cette mesure intervient pour garantir des conditions s\u00fbres qui prennent en compte la s\u00e9curit\u00e9 de tous les apprenantes et apprenants selon les normes et les mesures de pr\u00e9vention sanitaires d\u00e9cr\u00e9t\u00e9es par les autorit\u00e9s comp\u00e9tentes, ainsi que pour garantir le droit \u00e0 l\u2019apprentissage aux diff\u00e9rents cycles et niveaux d\u2019enseignement, a relev\u00e9 la m\u00eame source.<\/p>\n<p style=\"text-align: justify;\">Le ministre de l\u2019\u00c9ducation nationale, de la Formation professionnelle, de l\u2019Enseignement sup\u00e9rieur et de la Recherche scientifique, Porte-parole du gouvernement a affirm\u00e9 que cette rentr\u00e9e s\u2019inscrit dans un contexte de pand\u00e9mie, avec une crise sanitaire qui se poursuit et une difficult\u00e9 \u00e0 pr\u00e9dire une situation sanitaire pour des raisons li\u00e9es notamment \u00e0 une courbe ascendante des nombres de cas r\u00e9cemment enregistr\u00e9s, \u00e0 l\u2019apparition et la propagation de nouveaux variants du Covid-19, (plus contagieux, touchant toutes les cat\u00e9gories d\u2019\u00e2ges) et une disparit\u00e9 dans la situation \u00e9pid\u00e9miologique entre les provinces et r\u00e9gions du Royaume, a ajout\u00e9 le communiqu\u00e9.<\/p>\n<p>L\u2019article <a rel=\"nofollow\" href=\"http:\/\/www.mapoujda.ma\/fr\/la-rentree-scolaire-aura-lieu-de-maniere-effective-le-10-septembre-2021\/\">La rentr\u00e9e scolaire aura lieu de mani\u00e8re effective le 10 septembre 2021<\/a> est apparu en premier sur <a rel=\"nofollow\" href=\"http:\/\/www.mapoujda.ma\/fr\">MapOujda<\/a>.<\/p>\n<\/div>\n<p>Auteur: Soufiane ELAHMAR<br \/>\n<a href=\"http:\/\/www.mapoujda.ma\/fr\/la-rentree-scolaire-aura-lieu-de-maniere-effective-le-10-septembre-2021\/\">Cliquez ici pour lire l&rsquo;article depuis sa source.<\/a><\/p>\n","protected":false},"excerpt":{"rendered":"<p>La rentr\u00e9e scolaire aura lieu de mani\u00e8re effective le vendredi 10 septembre 2021 au lieu du vendredi 03 septembre, a annonc\u00e9 le ministre de l\u2019\u00c9ducation nationale, de la Formation professionnelle, de l\u2019Enseignement sup\u00e9rieur et de la Recherche scientifique, Porte-parole du gouvernement. Conform\u00e9ment \u00e0 l\u2019article 1 de l\u2019arr\u00eat\u00e9 relatif \u00e0 l\u2019organisation de l\u2019ann\u00e9e scolaire 2021-2022, qui [&hellip;]<\/p>\n","protected":false},"author":1788,"featured_media":0,"comment_status":"closed","ping_status":"closed","sticky":false,"template":"","format":"standard","meta":{"fifu_image_url":"http:\/\/www.mapoujda.ma\/map\/uploads\/2019\/09\/rentr\u00e9e-scolaire-\u00e0-la-r\u00e9gion-de-lOriental-M750\u00d7430-Archive.jpg","fifu_image_alt":"La rentr\u00e9e scolaire aura lieu de mani\u00e8re effective le 10 septembre 2021","footnotes":""},"categories":[54,76],"tags":[],"class_list":["post-125003","post","type-post","status-publish","format-standard","hentry","category-maroc","category-regions"],"_links":{"self":[{"href":"https:\/\/linitiative.ca\/International\/wp-json\/wp\/v2\/posts\/125003","targetHints":{"allow":["GET"]}}],"collection":[{"href":"https:\/\/linitiative.ca\/International\/wp-json\/wp\/v2\/posts"}],"about":[{"href":"https:\/\/linitiative.ca\/International\/wp-json\/wp\/v2\/types\/post"}],"author":[{"embeddable":true,"href":"https:\/\/linitiative.ca\/International\/wp-json\/wp\/v2\/users\/1788"}],"replies":[{"embeddable":true,"href":"https:\/\/linitiative.ca\/International\/wp-json\/wp\/v2\/comments?post=125003"}],"version-history":[{"count":0,"href":"https:\/\/linitiative.ca\/International\/wp-json\/wp\/v2\/posts\/125003\/revisions"}],"wp:attachment":[{"href":"https:\/\/linitiative.ca\/International\/wp-json\/wp\/v2\/media?parent=125003"}],"wp:term":[{"taxonomy":"category","embeddable":true,"href":"https:\/\/linitiative.ca\/International\/wp-json\/wp\/v2\/categories?post=125003"},{"taxonomy":"post_tag","embeddable":true,"href":"https:\/\/linitiative.ca\/International\/wp-json\/wp\/v2\/tags?post=125003"}],"curies":[{"name":"wp","href":"https:\/\/api.w.org\/{rel}","templated":true}]}}