{"id":125005,"date":"2021-08-23T14:53:45","date_gmt":"2021-08-23T18:53:45","guid":{"rendered":"https:\/\/linitiative.ca\/International\/youssef-benjelloun-reelu-president-de-la-chambre-des-peches-maritimes-de-la-mediterranee\/"},"modified":"2021-08-23T14:53:45","modified_gmt":"2021-08-23T18:53:45","slug":"youssef-benjelloun-reelu-president-de-la-chambre-des-peches-maritimes-de-la-mediterranee","status":"publish","type":"post","link":"https:\/\/linitiative.ca\/International\/youssef-benjelloun-reelu-president-de-la-chambre-des-peches-maritimes-de-la-mediterranee\/","title":{"rendered":"Youssef Benjelloun r\u00e9\u00e9lu pr\u00e9sident de la Chambre des p\u00eaches maritimes de la M\u00e9diterran\u00e9e"},"content":{"rendered":"<div>\n<div style=\"margin-bottom:20px;\"><img loading=\"lazy\" decoding=\"async\" width=\"750\" height=\"430\" src=\"https:\/\/linitiative.ca\/International\/wp-content\/uploads\/sites\/23\/2021\/08\/Youssef-Benjelloun-prC3A9sident-de-la-Chambre-des-pC3AAches-maritimes-de-la-MC3A9diterranC3A9e-750C397430-MAP.jpg\" class=\"attachment-post-thumbnail size-post-thumbnail wp-post-image\" alt=\"\" srcset=\"https:\/\/linitiative.ca\/International\/wp-content\/uploads\/sites\/23\/2021\/08\/Youssef-Benjelloun-prC3A9sident-de-la-Chambre-des-pC3AAches-maritimes-de-la-MC3A9diterranC3A9e-750C397430-MAP.jpg 750w, http:\/\/www.mapoujda.ma\/map\/uploads\/2021\/08\/Youssef-Benjelloun-pr\u00e9sident-de-la-Chambre-des-p\u00eaches-maritimes-de-la-M\u00e9diterran\u00e9e-750\u00d7430-MAP-300x172.jpg 300w\" sizes=\"auto, (max-width: 750px) 100vw, 750px\"><\/div>\n<div>\n<p style=\"text-align: justify;\">Youssef Benjelloun a \u00e9t\u00e9 r\u00e9\u00e9lu, lundi \u00e0 Tanger, pr\u00e9sident de la Chambre des p\u00eaches maritimes de la M\u00e9diterran\u00e9e (CPMM), dont le ressort territorial s\u2019\u00e9tend de Larache (oc\u00e9an Atlantique) \u00e0 Sa\u00efdia (mer M\u00e9diterran\u00e9e).<\/p>\n<p style=\"text-align: justify;\">M. Benjelloun, sans appartenance politique, a \u00e9t\u00e9 reconduit \u00e0 la t\u00eate de la CPMM en obtenant 23 voix sur les 35 membres qui la composent, contre 10 voix pour son rival Mohamed El Khairi, \u00e9galement sans appartenance politique, et ce lors de la deuxi\u00e8me session d\u2019\u00e9lection des membres du bureau de la Chambre, tenue conform\u00e9ment aux dispositions de la loi 04.97 formant statut des Chambres des p\u00eaches maritimes au Maroc, en pr\u00e9sence des autorit\u00e9s locales.<\/p>\n<p style=\"text-align: justify;\">La premi\u00e8re session d\u2019\u00e9lection des membres du bureau de la CPMM, tenue mardi dernier, a \u00e9t\u00e9 report\u00e9e faute de quorum.<\/p>\n<p style=\"text-align: justify;\">Abdelwahed Chair de l\u2019USFP a \u00e9t\u00e9, quant \u00e0 lui, \u00e9lu premier vice-pr\u00e9sident avec 23 voix, contre 10 voix pour son rival Kamal Bennouna, sans appartenance politique, tandis que Abdelwahed El Hawat, sans appartenance politique, a \u00e9t\u00e9 \u00e9lu deuxi\u00e8me vice-pr\u00e9sident, en obtenant 22 voix.<\/p>\n<p style=\"text-align: justify;\">Avec une majorit\u00e9 de 22 voix, Mustapha El Mouden de l\u2019USFP a \u00e9t\u00e9 \u00e9lu secr\u00e9taire de la Chambre, tandis que Said Rais, du parti de la Justice et du d\u00e9veloppement (PJD), et Khalid Chakil et Hicham Soudani, du Parti de l\u2019Istiqlal (PI), ont \u00e9t\u00e9 \u00e9lus respectivement secr\u00e9taire adjoint du conseil, tr\u00e9sorier et tr\u00e9sorier-adjoint de la Chambre.<\/p>\n<p style=\"text-align: justify;\">Avec la m\u00eame majorit\u00e9, cinq conseillers ont \u00e9t\u00e9 \u00e9lus au bureau de la Chambre, \u00e0 savoir Hamed Sarghini du PI, Khalil Taleb Aklai, sans appartenance politique, Mustapha Bensa\u00efd, Mohamed Tanouh et Abdeljalil Diouri El Ayadi, de l\u2019USFP.<\/p>\n<p style=\"text-align: justify;\">S\u2019exprimant \u00e0 cette occasion, M. Benjelloun a affirm\u00e9 sa d\u00e9termination \u00e0 continuer de travailler avec tous les membres de la Chambre, de la majorit\u00e9 et de l\u2019opposition, et les repr\u00e9sentants du d\u00e9partement de la p\u00eache maritime, pour d\u00e9fendre les int\u00e9r\u00eats des professionnels et trouver des solutions aux probl\u00e8mes auxquels ils sont confront\u00e9s, afin d\u2019am\u00e9liorer leur situation, soulignant que le secteur de la p\u00eache maritime joue un r\u00f4le important dans le tissu \u00e9conomique local et la promotion de la paix sociale.<\/p>\n<p style=\"text-align: justify;\">Selon les r\u00e9sultats des \u00e9lections des membres de la CPMM, le Rassemblement national des ind\u00e9pendants (RNI) a remport\u00e9 13 si\u00e8ges, suivi des sans appartenance politique (11 si\u00e8ges), du PI et de l\u2019USFP (5 si\u00e8ges chacun), et du PJD (1 si\u00e8ge).<\/p>\n<\/div>\n<p>L\u2019article <a rel=\"nofollow\" href=\"http:\/\/www.mapoujda.ma\/fr\/youssef-benjelloun-reelu-president-de-la-chambre-des-peches-maritimes-de-la-mediterranee\/\">Youssef Benjelloun r\u00e9\u00e9lu pr\u00e9sident de la Chambre des p\u00eaches maritimes de la M\u00e9diterran\u00e9e<\/a> est apparu en premier sur <a rel=\"nofollow\" href=\"http:\/\/www.mapoujda.ma\/fr\">MapOujda<\/a>.<\/p>\n<\/div>\n<p>Auteur: Soufiane ELAHMAR<br \/>\n<a href=\"http:\/\/www.mapoujda.ma\/fr\/youssef-benjelloun-reelu-president-de-la-chambre-des-peches-maritimes-de-la-mediterranee\/\">Cliquez ici pour lire l&rsquo;article depuis sa source.<\/a><\/p>\n","protected":false},"excerpt":{"rendered":"<p>Youssef Benjelloun a \u00e9t\u00e9 r\u00e9\u00e9lu, lundi \u00e0 Tanger, pr\u00e9sident de la Chambre des p\u00eaches maritimes de la M\u00e9diterran\u00e9e (CPMM), dont le ressort territorial s\u2019\u00e9tend de Larache (oc\u00e9an Atlantique) \u00e0 Sa\u00efdia (mer M\u00e9diterran\u00e9e). M. Benjelloun, sans appartenance politique, a \u00e9t\u00e9 reconduit \u00e0 la t\u00eate de la CPMM en obtenant 23 voix sur les 35 membres qui [&hellip;]<\/p>\n","protected":false},"author":1788,"featured_media":0,"comment_status":"closed","ping_status":"closed","sticky":false,"template":"","format":"standard","meta":{"fifu_image_url":"http:\/\/www.mapoujda.ma\/map\/uploads\/2021\/08\/Youssef-Benjelloun-pr\u00e9sident-de-la-Chambre-des-p\u00eaches-maritimes-de-la-M\u00e9diterran\u00e9e-750\u00d7430-MAP.jpg","fifu_image_alt":"Youssef Benjelloun r\u00e9\u00e9lu pr\u00e9sident de la Chambre des p\u00eaches maritimes de la M\u00e9diterran\u00e9e","footnotes":""},"categories":[54,76],"tags":[],"class_list":["post-125005","post","type-post","status-publish","format-standard","hentry","category-maroc","category-regions"],"_links":{"self":[{"href":"https:\/\/linitiative.ca\/International\/wp-json\/wp\/v2\/posts\/125005","targetHints":{"allow":["GET"]}}],"collection":[{"href":"https:\/\/linitiative.ca\/International\/wp-json\/wp\/v2\/posts"}],"about":[{"href":"https:\/\/linitiative.ca\/International\/wp-json\/wp\/v2\/types\/post"}],"author":[{"embeddable":true,"href":"https:\/\/linitiative.ca\/International\/wp-json\/wp\/v2\/users\/1788"}],"replies":[{"embeddable":true,"href":"https:\/\/linitiative.ca\/International\/wp-json\/wp\/v2\/comments?post=125005"}],"version-history":[{"count":0,"href":"https:\/\/linitiative.ca\/International\/wp-json\/wp\/v2\/posts\/125005\/revisions"}],"wp:attachment":[{"href":"https:\/\/linitiative.ca\/International\/wp-json\/wp\/v2\/media?parent=125005"}],"wp:term":[{"taxonomy":"category","embeddable":true,"href":"https:\/\/linitiative.ca\/International\/wp-json\/wp\/v2\/categories?post=125005"},{"taxonomy":"post_tag","embeddable":true,"href":"https:\/\/linitiative.ca\/International\/wp-json\/wp\/v2\/tags?post=125005"}],"curies":[{"name":"wp","href":"https:\/\/api.w.org\/{rel}","templated":true}]}}