{"id":125007,"date":"2021-08-24T08:40:23","date_gmt":"2021-08-24T12:40:23","guid":{"rendered":"https:\/\/linitiative.ca\/International\/averses-orageuses-localement-fortes-mardi-dans-plusieurs-provinces\/"},"modified":"2021-08-24T08:40:23","modified_gmt":"2021-08-24T12:40:23","slug":"averses-orageuses-localement-fortes-mardi-dans-plusieurs-provinces","status":"publish","type":"post","link":"https:\/\/linitiative.ca\/International\/averses-orageuses-localement-fortes-mardi-dans-plusieurs-provinces\/","title":{"rendered":"Averses orageuses localement fortes mardi dans plusieurs provinces"},"content":{"rendered":"<div>\n<div style=\"margin-bottom:20px;\"><img loading=\"lazy\" decoding=\"async\" width=\"750\" height=\"430\" src=\"https:\/\/linitiative.ca\/International\/wp-content\/uploads\/sites\/23\/2021\/08\/Les-pigeons-de-la-Place-Mohammed-V-750C397430-MAP.jpg\" class=\"attachment-post-thumbnail size-post-thumbnail wp-post-image\" alt=\"\" srcset=\"https:\/\/linitiative.ca\/International\/wp-content\/uploads\/sites\/23\/2021\/08\/Les-pigeons-de-la-Place-Mohammed-V-750C397430-MAP.jpg 750w, http:\/\/www.mapoujda.ma\/map\/uploads\/2021\/08\/Les-pigeons-de-la-Place-Mohammed-V-750\u00d7430-MAP-300x172.jpg 300w\" sizes=\"auto, (max-width: 750px) 100vw, 750px\"><\/div>\n<div>\n<p style=\"text-align: justify;\">Des averses orageuses localement fortes sont attendues, ce mardi, dans plusieurs provinces du Royaume, a annonc\u00e9 la Direction g\u00e9n\u00e9rale de la m\u00e9t\u00e9orologie (DGM).<\/p>\n<p style=\"text-align: justify;\">Ces averses de niveau orange, qui pourront \u00eatre accompagn\u00e9es par des rafales de vent sous orages et des chutes de gr\u00eales par endroits, sont attendues ce mardi de 14h00 \u00e0 23h00 dans les provinces d\u2019Ifrane, Khenifra, El Hajeb, F\u00e8s, Azilal, Beni Mellal, Midelt, Boulemane, Sefrou, Taza, Taounate, Guercif, Taourirt et Jerada, a pr\u00e9cis\u00e9 la DGM dans un bulletin d\u2019alerte m\u00e9t\u00e9orologique.<\/p>\n<\/div>\n<p>L\u2019article <a rel=\"nofollow\" href=\"http:\/\/www.mapoujda.ma\/fr\/averses-orageuses-localement-fortes-mardi-dans-plusieurs-provinces\/\">Averses orageuses localement fortes mardi dans plusieurs provinces<\/a> est apparu en premier sur <a rel=\"nofollow\" href=\"http:\/\/www.mapoujda.ma\/fr\">MapOujda<\/a>.<\/p>\n<\/div>\n<p>Auteur: Soufiane ELAHMAR<br \/>\n<a href=\"http:\/\/www.mapoujda.ma\/fr\/averses-orageuses-localement-fortes-mardi-dans-plusieurs-provinces\/\">Cliquez ici pour lire l&rsquo;article depuis sa source.<\/a><\/p>\n","protected":false},"excerpt":{"rendered":"<p>Des averses orageuses localement fortes sont attendues, ce mardi, dans plusieurs provinces du Royaume, a annonc\u00e9 la Direction g\u00e9n\u00e9rale de la m\u00e9t\u00e9orologie (DGM). Ces averses de niveau orange, qui pourront \u00eatre accompagn\u00e9es par des rafales de vent sous orages et des chutes de gr\u00eales par endroits, sont attendues ce mardi de 14h00 \u00e0 23h00 dans [&hellip;]<\/p>\n","protected":false},"author":1788,"featured_media":0,"comment_status":"closed","ping_status":"closed","sticky":false,"template":"","format":"standard","meta":{"fifu_image_url":"http:\/\/www.mapoujda.ma\/map\/uploads\/2021\/08\/Les-pigeons-de-la-Place-Mohammed-V-750\u00d7430-MAP.jpg","fifu_image_alt":"Averses orageuses localement fortes mardi dans plusieurs provinces","footnotes":""},"categories":[54,76],"tags":[],"class_list":["post-125007","post","type-post","status-publish","format-standard","hentry","category-maroc","category-regions"],"_links":{"self":[{"href":"https:\/\/linitiative.ca\/International\/wp-json\/wp\/v2\/posts\/125007","targetHints":{"allow":["GET"]}}],"collection":[{"href":"https:\/\/linitiative.ca\/International\/wp-json\/wp\/v2\/posts"}],"about":[{"href":"https:\/\/linitiative.ca\/International\/wp-json\/wp\/v2\/types\/post"}],"author":[{"embeddable":true,"href":"https:\/\/linitiative.ca\/International\/wp-json\/wp\/v2\/users\/1788"}],"replies":[{"embeddable":true,"href":"https:\/\/linitiative.ca\/International\/wp-json\/wp\/v2\/comments?post=125007"}],"version-history":[{"count":0,"href":"https:\/\/linitiative.ca\/International\/wp-json\/wp\/v2\/posts\/125007\/revisions"}],"wp:attachment":[{"href":"https:\/\/linitiative.ca\/International\/wp-json\/wp\/v2\/media?parent=125007"}],"wp:term":[{"taxonomy":"category","embeddable":true,"href":"https:\/\/linitiative.ca\/International\/wp-json\/wp\/v2\/categories?post=125007"},{"taxonomy":"post_tag","embeddable":true,"href":"https:\/\/linitiative.ca\/International\/wp-json\/wp\/v2\/tags?post=125007"}],"curies":[{"name":"wp","href":"https:\/\/api.w.org\/{rel}","templated":true}]}}