{"id":125016,"date":"2021-08-24T06:37:19","date_gmt":"2021-08-24T10:37:19","guid":{"rendered":"https:\/\/linitiative.ca\/International\/mohamed-abdellah-place-en-detention\/"},"modified":"2021-08-24T06:37:19","modified_gmt":"2021-08-24T10:37:19","slug":"mohamed-abdellah-place-en-detention","status":"publish","type":"post","link":"https:\/\/linitiative.ca\/International\/mohamed-abdellah-place-en-detention\/","title":{"rendered":"Mohamed Abdellah plac\u00e9 en d\u00e9tention"},"content":{"rendered":"<div>\n<div class=\"sriret\"><img loading=\"lazy\" decoding=\"async\" width=\"512\" height=\"640\" src=\"https:\/\/linitiative.ca\/International\/wp-content\/uploads\/sites\/23\/2021\/08\/Mohamed-Abdallah-1.jpg\" class=\"attachment-featured_large size-featured_large wp-post-image\" alt=\"\" style=\"margin-bottom: 15px;\" srcset=\"https:\/\/linitiative.ca\/International\/wp-content\/uploads\/sites\/23\/2021\/08\/Mohamed-Abdallah-1.jpg 512w, https:\/\/www.elwatan.com\/wp-content\/uploads\/2021\/08\/Mohamed-Abdallah-240x300.jpg 240w\" sizes=\"auto, (max-width: 512px) 100vw, 512px\"><\/div>\n<p class=\"p3\"><span class=\"s1\"><b>M<\/b><\/span><span class=\"s1\">ohamed Abdellah, cet ex-sergent-chef de la Gendarmerie nationale, dont il a d\u00e9sert\u00e9 les rangs avant de rejoindre l\u2019Espagne l\u2019\u00e9t\u00e9 2018, a \u00e9t\u00e9 plac\u00e9 hier sous mandat de d\u00e9p\u00f4t. D\u00e9f\u00e9r\u00e9 devant le juge de la 2<sup>e<\/sup> chambre du p\u00f4le p\u00e9nal sp\u00e9cialis\u00e9 pr\u00e8s le tribunal de Sidi M\u2019hamed, il a vid\u00e9 le mandat d\u2019arr\u00eat international lanc\u00e9 contre lui, au mois de mars dernier, pour une affaire de terrorisme. <\/span><\/p>\n<p class=\"p3\"><span class=\"s1\">Expuls\u00e9 avec plus d\u2019une trentaine de harraga alg\u00e9riens, \u00e0 la fin de son titre de s\u00e9jour, il est arriv\u00e9 \u00e0 Ghazaouet, tr\u00e8s tard samedi dernier, \u00e0 bord d\u2019un navire espagnol, sur lequel il a \u00e9t\u00e9 embarqu\u00e9 \u00e0 partir du port d\u2019Almeria. C\u2019est \u00e0 8h45 que le fourgon cellulaire blanc qui le transportait est arriv\u00e9 au tribunal de Sidi M\u2019hamed, o\u00f9 si\u00e8ge le p\u00f4le p\u00e9nal sp\u00e9cialis\u00e9, escort\u00e9 par de nombreux policiers. Pr\u00e9sent\u00e9 devant le juge de la 2<sup>e<\/sup> chambre, il a vid\u00e9 le mandat d\u2019arr\u00eat lanc\u00e9 contre lui pour \u00abappartenance \u00e0 un groupe terroriste\u00bb, \u00abblanchiment d\u2019argent dans le cadre d\u2019une organisation terroriste\u00bb, \u00abfinancement d\u2019un groupe terroriste ayant pour but d\u2019attenter \u00e0 la s\u00e9curit\u00e9 de l\u2019Etat\u00bb. Ag\u00e9 de 33 ans et p\u00e8re de deux enfants en bas \u00e2ge (laiss\u00e9s en Espagne avec leur m\u00e8re), l\u2019ancien gendarme a \u00e9t\u00e9 cit\u00e9 dans une affaire de terrorisme, au centre de laquelle se trouve un ancien terroriste en d\u00e9tention. Il est \u00e9galement cit\u00e9 dans deux autres dossiers, ainsi qu\u2019un troisi\u00e8me pendant au niveau du tribunal militaire li\u00e9 \u00e0 sa \u00abd\u00e9sertion, r\u00e9bellion et trahison\u00bb. Il devrait \u00eatre entendu dans les 48 heures qui suivent sa mise sous mandat de d\u00e9p\u00f4t sur le fond, avant d\u2019\u00eatre d\u00e9f\u00e9r\u00e9 devant la justice militaire.\u00a0<\/span><\/p>\n<p>L\u2019article <a rel=\"nofollow\" href=\"https:\/\/www.elwatan.com\/edition\/actualite\/mohamed-abdellah-place-en-detention-24-08-2021\">Mohamed Abdellah plac\u00e9 en d\u00e9tention<\/a> est apparu en premier sur <a rel=\"nofollow\" href=\"https:\/\/www.elwatan.com\/\">El Watan<\/a>.<\/p>\n<\/div>\n<p>Auteur: Hicham Chouadria<br \/>\n<a href=\"https:\/\/www.elwatan.com\/edition\/actualite\/mohamed-abdellah-place-en-detention-24-08-2021\">Cliquez ici pour lire l&rsquo;article depuis sa source.<\/a><\/p>\n","protected":false},"excerpt":{"rendered":"<p>Mohamed Abdellah, cet ex-sergent-chef de la Gendarmerie nationale, dont il a d\u00e9sert\u00e9 les rangs avant de rejoindre l\u2019Espagne l\u2019\u00e9t\u00e9 2018, a \u00e9t\u00e9 plac\u00e9 hier sous mandat de d\u00e9p\u00f4t. D\u00e9f\u00e9r\u00e9 devant le juge de la 2e chambre du p\u00f4le p\u00e9nal sp\u00e9cialis\u00e9 pr\u00e8s le tribunal de Sidi M\u2019hamed, il a vid\u00e9 le mandat d\u2019arr\u00eat international lanc\u00e9 contre [&hellip;]<\/p>\n","protected":false},"author":1743,"featured_media":0,"comment_status":"closed","ping_status":"closed","sticky":false,"template":"","format":"standard","meta":{"fifu_image_url":"https:\/\/www.elwatan.com\/wp-content\/uploads\/2021\/08\/Mohamed-Abdallah.jpg","fifu_image_alt":"Mohamed Abdellah plac\u00e9 en d\u00e9tention","footnotes":""},"categories":[73,53],"tags":[],"class_list":["post-125016","post","type-post","status-publish","format-standard","hentry","category-actualite","category-algerie"],"_links":{"self":[{"href":"https:\/\/linitiative.ca\/International\/wp-json\/wp\/v2\/posts\/125016","targetHints":{"allow":["GET"]}}],"collection":[{"href":"https:\/\/linitiative.ca\/International\/wp-json\/wp\/v2\/posts"}],"about":[{"href":"https:\/\/linitiative.ca\/International\/wp-json\/wp\/v2\/types\/post"}],"author":[{"embeddable":true,"href":"https:\/\/linitiative.ca\/International\/wp-json\/wp\/v2\/users\/1743"}],"replies":[{"embeddable":true,"href":"https:\/\/linitiative.ca\/International\/wp-json\/wp\/v2\/comments?post=125016"}],"version-history":[{"count":0,"href":"https:\/\/linitiative.ca\/International\/wp-json\/wp\/v2\/posts\/125016\/revisions"}],"wp:attachment":[{"href":"https:\/\/linitiative.ca\/International\/wp-json\/wp\/v2\/media?parent=125016"}],"wp:term":[{"taxonomy":"category","embeddable":true,"href":"https:\/\/linitiative.ca\/International\/wp-json\/wp\/v2\/categories?post=125016"},{"taxonomy":"post_tag","embeddable":true,"href":"https:\/\/linitiative.ca\/International\/wp-json\/wp\/v2\/tags?post=125016"}],"curies":[{"name":"wp","href":"https:\/\/api.w.org\/{rel}","templated":true}]}}