{"id":125018,"date":"2021-08-24T06:38:25","date_gmt":"2021-08-24T10:38:25","guid":{"rendered":"https:\/\/linitiative.ca\/International\/detenus-du-hirak-le-proces-de-laalami-reporte-au-6-septembre\/"},"modified":"2021-08-24T06:38:25","modified_gmt":"2021-08-24T10:38:25","slug":"detenus-du-hirak-le-proces-de-laalami-reporte-au-6-septembre","status":"publish","type":"post","link":"https:\/\/linitiative.ca\/International\/detenus-du-hirak-le-proces-de-laalami-reporte-au-6-septembre\/","title":{"rendered":"D\u00e9tenus du Hirak : Le proc\u00e8s de Laalami report\u00e9 au 6 septembre"},"content":{"rendered":"<div>\n<div class=\"sriret\"><img decoding=\"async\" src=\"https:\/\/linitiative.ca\/International\/wp-content\/uploads\/sites\/23\/2021\/08\/default-picture-709x366_c-53.jpg\"><\/div>\n<p class=\"p1\"><span class=\"s1\"><b>L<\/b><\/span><span class=\"s1\">e proc\u00e8s en appel de Chems Eddine Laalami, dit Brahim, qui devait se tenir hier au tribunal de Bordj Bou Arr\u00e9ridj, a \u00e9t\u00e9 report\u00e9 au 6 septembre prochain. Il s\u2019agit de trois dossiers distincts et dans chacun deux il avait \u00e9cop\u00e9 de deux ann\u00e9es de prison ferme, indique le Comit\u00e9 national pour la lib\u00e9ration des d\u00e9tenus (CNLD). <\/span><\/p>\n<p class=\"p1\"><span class=\"s1\">Dans le premier dossier, le jugement a \u00e9t\u00e9 prononc\u00e9 le 8 f\u00e9vrier 2021. Dans les deux autres, le 11 juillet dernier. Les chefs d\u2019accusation sont, entre autres, \u00abv\u00e9hiculer un discours de haine\u00bb, \u00aboutrage \u00e0 corps constitu\u00e9\u00bb, \u00abdiffusion de fausses informations\u00bb, \u00abincitation \u00e0 attroupement non arm\u00e9\u00bb. <\/span><\/p>\n<p class=\"p2\">*Retrouvez l\u2019inte\u0301gralite\u0301 de nos articles sur la version papier<\/p>\n<p>L\u2019article <a rel=\"nofollow\" href=\"https:\/\/www.elwatan.com\/edition\/actualite\/detenus-du-hirak-le-proces-de-laalami-reporte-au-6-septembre-24-08-2021\">D\u00e9tenus du Hirak : Le proc\u00e8s de Laalami report\u00e9 au 6 septembre<\/a> est apparu en premier sur <a rel=\"nofollow\" href=\"https:\/\/www.elwatan.com\/\">El Watan<\/a>.<\/p>\n<\/div>\n<p>Auteur: Hicham Chouadria<br \/>\n<a href=\"https:\/\/www.elwatan.com\/edition\/actualite\/detenus-du-hirak-le-proces-de-laalami-reporte-au-6-septembre-24-08-2021\">Cliquez ici pour lire l&rsquo;article depuis sa source.<\/a><\/p>\n","protected":false},"excerpt":{"rendered":"<p>Le proc\u00e8s en appel de Chems Eddine Laalami, dit Brahim, qui devait se tenir hier au tribunal de Bordj Bou Arr\u00e9ridj, a \u00e9t\u00e9 report\u00e9 au 6 septembre prochain. Il s\u2019agit de trois dossiers distincts et dans chacun deux il avait \u00e9cop\u00e9 de deux ann\u00e9es de prison ferme, indique le Comit\u00e9 national pour la lib\u00e9ration des [&hellip;]<\/p>\n","protected":false},"author":1743,"featured_media":0,"comment_status":"closed","ping_status":"closed","sticky":false,"template":"","format":"standard","meta":{"fifu_image_url":"https:\/\/www.elwatan.com\/wp-content\/themes\/spectr\/img\/default-picture-709x366_c.jpg","fifu_image_alt":"D\u00e9tenus du Hirak : Le proc\u00e8s de Laalami report\u00e9 au 6 septembre","footnotes":""},"categories":[73,53],"tags":[],"class_list":["post-125018","post","type-post","status-publish","format-standard","hentry","category-actualite","category-algerie"],"_links":{"self":[{"href":"https:\/\/linitiative.ca\/International\/wp-json\/wp\/v2\/posts\/125018","targetHints":{"allow":["GET"]}}],"collection":[{"href":"https:\/\/linitiative.ca\/International\/wp-json\/wp\/v2\/posts"}],"about":[{"href":"https:\/\/linitiative.ca\/International\/wp-json\/wp\/v2\/types\/post"}],"author":[{"embeddable":true,"href":"https:\/\/linitiative.ca\/International\/wp-json\/wp\/v2\/users\/1743"}],"replies":[{"embeddable":true,"href":"https:\/\/linitiative.ca\/International\/wp-json\/wp\/v2\/comments?post=125018"}],"version-history":[{"count":0,"href":"https:\/\/linitiative.ca\/International\/wp-json\/wp\/v2\/posts\/125018\/revisions"}],"wp:attachment":[{"href":"https:\/\/linitiative.ca\/International\/wp-json\/wp\/v2\/media?parent=125018"}],"wp:term":[{"taxonomy":"category","embeddable":true,"href":"https:\/\/linitiative.ca\/International\/wp-json\/wp\/v2\/categories?post=125018"},{"taxonomy":"post_tag","embeddable":true,"href":"https:\/\/linitiative.ca\/International\/wp-json\/wp\/v2\/tags?post=125018"}],"curies":[{"name":"wp","href":"https:\/\/api.w.org\/{rel}","templated":true}]}}