{"id":125020,"date":"2021-08-24T06:40:53","date_gmt":"2021-08-24T10:40:53","guid":{"rendered":"https:\/\/linitiative.ca\/International\/affaire-de-lassassinat-de-djamel-bensmail-92-personnes-sous-mandat-de-depot\/"},"modified":"2021-08-24T06:40:53","modified_gmt":"2021-08-24T10:40:53","slug":"affaire-de-lassassinat-de-djamel-bensmail-92-personnes-sous-mandat-de-depot","status":"publish","type":"post","link":"https:\/\/linitiative.ca\/International\/affaire-de-lassassinat-de-djamel-bensmail-92-personnes-sous-mandat-de-depot\/","title":{"rendered":"Affaire de l\u2019assassinat de Djamel Bensma\u00efl : 92 personnes sous mandat de d\u00e9p\u00f4t"},"content":{"rendered":"<div>\n<div class=\"sriret\"><img loading=\"lazy\" decoding=\"async\" width=\"800\" height=\"532\" src=\"https:\/\/linitiative.ca\/International\/wp-content\/uploads\/sites\/23\/2021\/08\/bri-2-e1629747344999.jpg\" class=\"attachment-featured_large size-featured_large wp-post-image\" alt=\"\" style=\"margin-bottom: 15px;\"><\/div>\n<p class=\"p1\"><span class=\"s1\"><b>U<\/b><\/span><span class=\"s1\">n important dispositif policier \u00e9tait d\u00e9ploy\u00e9 tr\u00e8s t\u00f4t hier matin autour du tribunal de Sidi M\u2019hamed, \u00e0 Alger, o\u00f9 si\u00e8ge le p\u00f4le p\u00e9nal sp\u00e9cialis\u00e9, devant auditionner les 92 suspects poursuivis dans le cadre de l\u2019enqu\u00eate sur l\u2019assassinat de Djamel Bensma\u00efl, le 11 ao\u00fbt, \u00e0 Larba\u00e2 Nath Irathen, wilaya de Tizi Ouzou. <\/span><\/p>\n<p class=\"p2\"><span class=\"s1\">Pour la premi\u00e8re fois, toutes les unit\u00e9s d\u2019\u00e9lite d\u2019intervention, Brigades de recherche et d\u2019investigation (BRI), Brigades mobiles de la police judiciaire (BMPJ) et Groupe op\u00e9rationnel de protection et de s\u00e9curit\u00e9 (GOPS), sont pr\u00e9sentes sur les lieux et leurs \u00e9l\u00e9ments post\u00e9s autour du palais de justice. Les deux premiers fourgons cellulaires blancs arrivent, sir\u00e8nes hurlantes et gyrophares tournoyants. Ils p\u00e9n\u00e8trent l\u2019un apr\u00e8s l\u2019autre dans la cour du tribunal, loin des cam\u00e9ras des cha\u00eenes de t\u00e9l\u00e9vision et des journalistes, tr\u00e8s nombreux sur les lieux.<\/span><\/p>\n<p>\u00a0<\/p>\n<p style=\"text-align: right;\">*Retrouvez l\u2019inte\u0301gralite\u0301 de nos articles sur la version papier<\/p>\n<p>L\u2019article <a rel=\"nofollow\" href=\"https:\/\/www.elwatan.com\/a-la-une\/92-personnes-sous-mandat-de-depot-24-08-2021\">Affaire de l\u2019assassinat de Djamel Bensma\u00efl : 92 personnes sous mandat de d\u00e9p\u00f4t<\/a> est apparu en premier sur <a rel=\"nofollow\" href=\"https:\/\/www.elwatan.com\/\">El Watan<\/a>.<\/p>\n<\/div>\n<p>Auteur: Hicham Chouadria<br \/>\n<a href=\"https:\/\/www.elwatan.com\/a-la-une\/92-personnes-sous-mandat-de-depot-24-08-2021\">Cliquez ici pour lire l&rsquo;article depuis sa source.<\/a><\/p>\n","protected":false},"excerpt":{"rendered":"<p>Un important dispositif policier \u00e9tait d\u00e9ploy\u00e9 tr\u00e8s t\u00f4t hier matin autour du tribunal de Sidi M\u2019hamed, \u00e0 Alger, o\u00f9 si\u00e8ge le p\u00f4le p\u00e9nal sp\u00e9cialis\u00e9, devant auditionner les 92 suspects poursuivis dans le cadre de l\u2019enqu\u00eate sur l\u2019assassinat de Djamel Bensma\u00efl, le 11 ao\u00fbt, \u00e0 Larba\u00e2 Nath Irathen, wilaya de Tizi Ouzou. Pour la premi\u00e8re fois, [&hellip;]<\/p>\n","protected":false},"author":1743,"featured_media":0,"comment_status":"closed","ping_status":"closed","sticky":false,"template":"","format":"standard","meta":{"fifu_image_url":"https:\/\/www.elwatan.com\/wp-content\/uploads\/2021\/01\/bri-2-e1629747344999.jpg","fifu_image_alt":"Affaire de l\u2019assassinat de Djamel Bensma\u00efl : 92 personnes sous mandat de d\u00e9p\u00f4t","footnotes":""},"categories":[73,53],"tags":[],"class_list":["post-125020","post","type-post","status-publish","format-standard","hentry","category-actualite","category-algerie"],"_links":{"self":[{"href":"https:\/\/linitiative.ca\/International\/wp-json\/wp\/v2\/posts\/125020","targetHints":{"allow":["GET"]}}],"collection":[{"href":"https:\/\/linitiative.ca\/International\/wp-json\/wp\/v2\/posts"}],"about":[{"href":"https:\/\/linitiative.ca\/International\/wp-json\/wp\/v2\/types\/post"}],"author":[{"embeddable":true,"href":"https:\/\/linitiative.ca\/International\/wp-json\/wp\/v2\/users\/1743"}],"replies":[{"embeddable":true,"href":"https:\/\/linitiative.ca\/International\/wp-json\/wp\/v2\/comments?post=125020"}],"version-history":[{"count":0,"href":"https:\/\/linitiative.ca\/International\/wp-json\/wp\/v2\/posts\/125020\/revisions"}],"wp:attachment":[{"href":"https:\/\/linitiative.ca\/International\/wp-json\/wp\/v2\/media?parent=125020"}],"wp:term":[{"taxonomy":"category","embeddable":true,"href":"https:\/\/linitiative.ca\/International\/wp-json\/wp\/v2\/categories?post=125020"},{"taxonomy":"post_tag","embeddable":true,"href":"https:\/\/linitiative.ca\/International\/wp-json\/wp\/v2\/tags?post=125020"}],"curies":[{"name":"wp","href":"https:\/\/api.w.org\/{rel}","templated":true}]}}