{"id":125022,"date":"2021-08-24T10:21:36","date_gmt":"2021-08-24T14:21:36","guid":{"rendered":"https:\/\/linitiative.ca\/International\/covid-19-reamenagement-des-horaires-de-confinement-et-ouverture-des-plages\/"},"modified":"2021-08-24T10:21:36","modified_gmt":"2021-08-24T14:21:36","slug":"covid-19-reamenagement-des-horaires-de-confinement-et-ouverture-des-plages","status":"publish","type":"post","link":"https:\/\/linitiative.ca\/International\/covid-19-reamenagement-des-horaires-de-confinement-et-ouverture-des-plages\/","title":{"rendered":"Covid-19: r\u00e9am\u00e9nagement des horaires de confinement et ouverture des plages"},"content":{"rendered":"<div>\n<div class=\"sriret\"><img decoding=\"async\" src=\"https:\/\/linitiative.ca\/International\/wp-content\/uploads\/sites\/23\/2021\/08\/default-picture-709x366_c-54.jpg\"><\/div>\n<p>Le Premier ministre, ministres des Finances, A\u00efmene Benabderrahmane, a d\u00e9cid\u00e9 de r\u00e9am\u00e9nager les horaires de confinement partiel \u00e0 domicile (de 22h00 \u00e0 6h00) dans les wilayas concern\u00e9es et la lev\u00e9e de la mesure de fermeture des espaces r\u00e9cr\u00e9atifs et des plages \u00e0 compter de ce mercredi 25 ao\u00fbt, dans le cadre du dispositif de gestion de la crise sanitaire li\u00e9e \u00e0 la pand\u00e9mie du Coronavirus (Covid-19), indique mardi un communiqu\u00e9 des services du Premier ministre, dont voici le texte int\u00e9gral :<\/p>\n<p>\u00ab\u00a0Conform\u00e9ment aux orientations du pr\u00e9sident de la R\u00e9publique, M. Abdelmadjid Tebboune, chef supr\u00eame des Forces arm\u00e9es, ministre de la D\u00e9fense nationale, le Premier ministre, ministre des Finances, M. A\u00efmene Benabderrahmane, a d\u00e9cid\u00e9 les mesures suivantes :<\/p>\n<p>\u2013 Le r\u00e9am\u00e9nagement des horaires de confinement partiel \u00e0 domicile de vingt deux (22) heures jusqu\u2019au lendemain \u00e0 six (6) heures du matin, applicables dans les wilayas concern\u00e9es.<\/p>\n<p>\u2013 La lev\u00e9e de la mesure de fermeture des espaces r\u00e9cr\u00e9atifs de loisirs et de d\u00e9tente, des lieux de plaisance et les plages, avec le maintien des strictes mesures de pr\u00e9vention.<\/p>\n<p>\u2013 Ces mesures prennent effet \u00e0 compter du mercredi 25 ao\u00fbt 2021.<\/p>\n<p>Le gouvernement rappelle le risque important de circulation du virus, li\u00e9 au variant Delta, et invite \u00e0 ce titre les citoyens \u00e0 poursuivre, de mani\u00e8re rigoureuse, le respect des gestes barri\u00e8res et des diff\u00e9rents protocoles sanitaires adopt\u00e9s par le comit\u00e9 scientifique de suivi de l\u2019\u00e9volution de la pand\u00e9mie du Coronavirus (COVID-19) et d\u00e9di\u00e9s aux diff\u00e9rentes activit\u00e9s \u00e9conomiques, commerciales et sociales\u00a0\u00bb.<\/p>\n<p>L\u2019article <a rel=\"nofollow\" href=\"https:\/\/www.elwatan.com\/edition\/actualite\/covid-19-reamenagement-des-horaires-de-confinement-et-ouverture-des-plages-24-08-2021\">Covid-19: r\u00e9am\u00e9nagement des horaires de confinement et ouverture des plages<\/a> est apparu en premier sur <a rel=\"nofollow\" href=\"https:\/\/www.elwatan.com\/\">El Watan<\/a>.<\/p>\n<\/div>\n<p>Auteur: Abdelghani Aichoun<br \/>\n<a href=\"https:\/\/www.elwatan.com\/edition\/actualite\/covid-19-reamenagement-des-horaires-de-confinement-et-ouverture-des-plages-24-08-2021\">Cliquez ici pour lire l&rsquo;article depuis sa source.<\/a><\/p>\n","protected":false},"excerpt":{"rendered":"<p>Le Premier ministre, ministres des Finances, A\u00efmene Benabderrahmane, a d\u00e9cid\u00e9 de r\u00e9am\u00e9nager les horaires de confinement partiel \u00e0 domicile (de 22h00 \u00e0 6h00) dans les wilayas concern\u00e9es et la lev\u00e9e de la mesure de fermeture des espaces r\u00e9cr\u00e9atifs et des plages \u00e0 compter de ce mercredi 25 ao\u00fbt, dans le cadre du dispositif de gestion [&hellip;]<\/p>\n","protected":false},"author":1743,"featured_media":0,"comment_status":"closed","ping_status":"closed","sticky":false,"template":"","format":"standard","meta":{"fifu_image_url":"https:\/\/www.elwatan.com\/wp-content\/themes\/spectr\/img\/default-picture-709x366_c.jpg","fifu_image_alt":"Covid-19: r\u00e9am\u00e9nagement des horaires de confinement et ouverture des plages","footnotes":""},"categories":[73,53],"tags":[],"class_list":["post-125022","post","type-post","status-publish","format-standard","hentry","category-actualite","category-algerie"],"_links":{"self":[{"href":"https:\/\/linitiative.ca\/International\/wp-json\/wp\/v2\/posts\/125022","targetHints":{"allow":["GET"]}}],"collection":[{"href":"https:\/\/linitiative.ca\/International\/wp-json\/wp\/v2\/posts"}],"about":[{"href":"https:\/\/linitiative.ca\/International\/wp-json\/wp\/v2\/types\/post"}],"author":[{"embeddable":true,"href":"https:\/\/linitiative.ca\/International\/wp-json\/wp\/v2\/users\/1743"}],"replies":[{"embeddable":true,"href":"https:\/\/linitiative.ca\/International\/wp-json\/wp\/v2\/comments?post=125022"}],"version-history":[{"count":0,"href":"https:\/\/linitiative.ca\/International\/wp-json\/wp\/v2\/posts\/125022\/revisions"}],"wp:attachment":[{"href":"https:\/\/linitiative.ca\/International\/wp-json\/wp\/v2\/media?parent=125022"}],"wp:term":[{"taxonomy":"category","embeddable":true,"href":"https:\/\/linitiative.ca\/International\/wp-json\/wp\/v2\/categories?post=125022"},{"taxonomy":"post_tag","embeddable":true,"href":"https:\/\/linitiative.ca\/International\/wp-json\/wp\/v2\/tags?post=125022"}],"curies":[{"name":"wp","href":"https:\/\/api.w.org\/{rel}","templated":true}]}}