{"id":125024,"date":"2021-08-24T14:38:28","date_gmt":"2021-08-24T18:38:28","guid":{"rendered":"https:\/\/linitiative.ca\/International\/diplomatie-lalgerie-rompt-ses-relations-avec-le-maroc\/"},"modified":"2021-08-24T14:38:28","modified_gmt":"2021-08-24T18:38:28","slug":"diplomatie-lalgerie-rompt-ses-relations-avec-le-maroc","status":"publish","type":"post","link":"https:\/\/linitiative.ca\/International\/diplomatie-lalgerie-rompt-ses-relations-avec-le-maroc\/","title":{"rendered":"Diplomatie : L\u2019Alg\u00e9rie rompt ses relations avec le Maroc"},"content":{"rendered":"<div>\n<div class=\"sriret\"><img decoding=\"async\" src=\"https:\/\/linitiative.ca\/International\/wp-content\/uploads\/sites\/23\/2021\/08\/default-picture-709x366_c-55.jpg\"><\/div>\n<p>L\u2019Alg\u00e9rie a d\u00e9cid\u00e9 de rompre ses relations diplomatiques avec le royaume du Maroc. C\u2019est le ministre des Affaires \u00e9trang\u00e8res et de la Communaut\u00e9 nationale \u00e0 l\u2019\u00e9tranger, Ramtane Lamamra, qui en a fait l\u2019annonce, hier, lors d\u2019une conf\u00e9rence de presse tenue au Centre international des conf\u00e9rences (CIC), \u00e0 l\u2019Ouest d\u2019Alger.<br \/>\nDans une d\u00e9claration lue par ses soins sur place, le chef de la diplomatie alg\u00e9rienne a \u00e9voqu\u00e9 des \u00ab\u00a0actes hostiles\u00a0\u00bb de la part du Maroc qui \u00ab\u00a0se poursuivent jusqu\u2019\u00e0 maintenant\u00a0\u00bb. \u00ab\u00a0L\u2019histoire avait montr\u00e9 que le Royaume du Maroc n\u2019a jamais cess\u00e9 de mener des actions hostiles \u00e0 l\u2019encontre de l\u2019Alg\u00e9rie\u00a0\u00bb, a-t-il d\u00e9clar\u00e9 d\u2019ambl\u00e9 avant d\u2019\u00e9num\u00e9rer un nombre de griefs que l\u2019Alg\u00e9rie reproche au royaume. Ramtane Lamamra a cit\u00e9 entre autre l\u2019acte commis par un repr\u00e9sentant diplomatique du Maroc \u00e0 New York, le 14 juillet dernier, qui avait remis un document aux membres de l\u2019Organisation des non-align\u00e9s dans lequel il avait exprim\u00e9 le soutien de son pays aux \u00ab\u00a0ind\u00e9pendantistes\u00a0\u00bb de Kabylie. En plus d\u2019avoir rappel\u00e9 son ambassadeur \u00e0 Rabat, le 18 du m\u00eame mois, l\u2019Alg\u00e9rie a demand\u00e9 des explications mais aucune r\u00e9ponse n\u2019est parvenue. Ramtane Lamamra a tenu \u00e0 rassurer n\u00e9anmoins la communaut\u00e9 alg\u00e9rienne \u00e9tablie au Maroc, ou les Marocains qui sont en Alg\u00e9rie, puisque, d\u2019apr\u00e8s lui, \u00ab\u00a0les consulats seront maintenus\u00a0\u00bb et \u00ab\u00a0continueront \u00e0 fonctionner normalement\u00a0\u00bb.<\/p>\n<p>L\u2019article <a rel=\"nofollow\" href=\"https:\/\/www.elwatan.com\/edition\/actualite\/diplomatie-lalgerie-rompt-ses-relations-avec-le-maroc-24-08-2021\">Diplomatie : L\u2019Alg\u00e9rie rompt ses relations avec le Maroc<\/a> est apparu en premier sur <a rel=\"nofollow\" href=\"https:\/\/www.elwatan.com\/\">El Watan<\/a>.<\/p>\n<\/div>\n<p>Auteur: Abdelghani Aichoun<br \/>\n<a href=\"https:\/\/www.elwatan.com\/edition\/actualite\/diplomatie-lalgerie-rompt-ses-relations-avec-le-maroc-24-08-2021\">Cliquez ici pour lire l&rsquo;article depuis sa source.<\/a><\/p>\n","protected":false},"excerpt":{"rendered":"<p>L\u2019Alg\u00e9rie a d\u00e9cid\u00e9 de rompre ses relations diplomatiques avec le royaume du Maroc. C\u2019est le ministre des Affaires \u00e9trang\u00e8res et de la Communaut\u00e9 nationale \u00e0 l\u2019\u00e9tranger, Ramtane Lamamra, qui en a fait l\u2019annonce, hier, lors d\u2019une conf\u00e9rence de presse tenue au Centre international des conf\u00e9rences (CIC), \u00e0 l\u2019Ouest d\u2019Alger. Dans une d\u00e9claration lue par ses [&hellip;]<\/p>\n","protected":false},"author":1743,"featured_media":0,"comment_status":"closed","ping_status":"closed","sticky":false,"template":"","format":"standard","meta":{"fifu_image_url":"https:\/\/www.elwatan.com\/wp-content\/themes\/spectr\/img\/default-picture-709x366_c.jpg","fifu_image_alt":"Diplomatie : L\u2019Alg\u00e9rie rompt ses relations avec le Maroc","footnotes":""},"categories":[73,53],"tags":[],"class_list":["post-125024","post","type-post","status-publish","format-standard","hentry","category-actualite","category-algerie"],"_links":{"self":[{"href":"https:\/\/linitiative.ca\/International\/wp-json\/wp\/v2\/posts\/125024","targetHints":{"allow":["GET"]}}],"collection":[{"href":"https:\/\/linitiative.ca\/International\/wp-json\/wp\/v2\/posts"}],"about":[{"href":"https:\/\/linitiative.ca\/International\/wp-json\/wp\/v2\/types\/post"}],"author":[{"embeddable":true,"href":"https:\/\/linitiative.ca\/International\/wp-json\/wp\/v2\/users\/1743"}],"replies":[{"embeddable":true,"href":"https:\/\/linitiative.ca\/International\/wp-json\/wp\/v2\/comments?post=125024"}],"version-history":[{"count":0,"href":"https:\/\/linitiative.ca\/International\/wp-json\/wp\/v2\/posts\/125024\/revisions"}],"wp:attachment":[{"href":"https:\/\/linitiative.ca\/International\/wp-json\/wp\/v2\/media?parent=125024"}],"wp:term":[{"taxonomy":"category","embeddable":true,"href":"https:\/\/linitiative.ca\/International\/wp-json\/wp\/v2\/categories?post=125024"},{"taxonomy":"post_tag","embeddable":true,"href":"https:\/\/linitiative.ca\/International\/wp-json\/wp\/v2\/tags?post=125024"}],"curies":[{"name":"wp","href":"https:\/\/api.w.org\/{rel}","templated":true}]}}