{"id":125026,"date":"2021-08-23T20:09:00","date_gmt":"2021-08-24T00:09:00","guid":{"rendered":"https:\/\/linitiative.ca\/International\/resolu-kais-saied-proroge-la-suspension-de-larp-et-la-levee-de-limmunite-des-deputes\/"},"modified":"2021-08-23T20:09:00","modified_gmt":"2021-08-24T00:09:00","slug":"resolu-kais-saied-proroge-la-suspension-de-larp-et-la-levee-de-limmunite-des-deputes","status":"publish","type":"post","link":"https:\/\/linitiative.ca\/International\/resolu-kais-saied-proroge-la-suspension-de-larp-et-la-levee-de-limmunite-des-deputes\/","title":{"rendered":"R\u00e9solu, Kais Sa\u00efed proroge la suspension de l\u2019ARP et la lev\u00e9e de l\u2019immunit\u00e9 des d\u00e9put\u00e9s"},"content":{"rendered":"<div><img decoding=\"async\" src=\"https:\/\/linitiative.ca\/International\/wp-content\/uploads\/sites\/23\/2021\/08\/1629760648_article.jpg\" alt=\"Kais Sa\u00efed proroge la suspension de l\u2019ARP et la lev\u00e9e de l\u2019immunit\u00e9 des d\u00e9put\u00e9s\" align=\"left\">La voie est trac\u00e9e, pour le pr\u00e9sident Sa\u00efed.\u00a0Irr\u00e9vocablement. Les mesures d\u2019exception prises par le pr\u00e9sident de la R\u00e9publique, le 25 juillet dernier, au titre de l\u2019article 80 de la Constitution ont \u00e9t\u00e9 prorog\u00e9es, jusqu\u2019\u00e0 nouvel ordre, par d\u00e9cret pr\u00e9sidentiel en cours de publication au Journal officiel. Il s\u2019agit de la suspension des travaux de l\u2019ARP et de la lev\u00e9e de l\u2019immunit\u00e9 parlementaire des d\u00e9put\u00e9s. Le chef de l\u2019\u00c9tat s\u2019adressera \u00e0 la nation \u00e0 ce sujet dans les prochains jours. C\u2019est ce qu\u2019annonce un communiqu\u00e9 de la Pr\u00e9sidence publi\u00e9 lundi soir 23 ao\u00fbt, peu avant minuit.<br \/>\nLes Tunisiens qui s\u2019y attendaient surtout apr\u00e8s la nouvelle &#8230;<\/p>\n<\/div>\n<p>Auteur:<br \/>\n<a href=\"https:\/\/www.leaders.com.tn\/article\/32326-kais-saied-proroge-la-suspension-de-l-arp-et-la-levee-de-l-immunite-des-deputes\">Cliquez ici pour lire l&rsquo;article depuis sa source.<\/a><\/p>\n","protected":false},"excerpt":{"rendered":"<p>La voie est trac\u00e9e, pour le pr\u00e9sident Sa\u00efed.\u00a0Irr\u00e9vocablement. Les mesures d\u2019exception prises par le pr\u00e9sident de la R\u00e9publique, le 25 juillet dernier, au titre de l\u2019article 80 de la Constitution ont \u00e9t\u00e9 prorog\u00e9es, jusqu\u2019\u00e0 nouvel ordre, par d\u00e9cret pr\u00e9sidentiel en cours de publication au Journal officiel. Il s\u2019agit de la suspension des travaux de l\u2019ARP [&hellip;]<\/p>\n","protected":false},"author":1772,"featured_media":0,"comment_status":"closed","ping_status":"closed","sticky":false,"template":"","format":"standard","meta":{"fifu_image_url":"http:\/\/www.leaders.com.tn\/uploads\/content\/thumbnails_small\/1629760648_article.jpg","fifu_image_alt":"R\u00e9solu, Kais Sa\u00efed proroge la suspension de l\u2019ARP et la lev\u00e9e de l\u2019immunit\u00e9 des d\u00e9put\u00e9s","footnotes":""},"categories":[73,55],"tags":[],"class_list":["post-125026","post","type-post","status-publish","format-standard","hentry","category-actualite","category-tunisie"],"_links":{"self":[{"href":"https:\/\/linitiative.ca\/International\/wp-json\/wp\/v2\/posts\/125026","targetHints":{"allow":["GET"]}}],"collection":[{"href":"https:\/\/linitiative.ca\/International\/wp-json\/wp\/v2\/posts"}],"about":[{"href":"https:\/\/linitiative.ca\/International\/wp-json\/wp\/v2\/types\/post"}],"author":[{"embeddable":true,"href":"https:\/\/linitiative.ca\/International\/wp-json\/wp\/v2\/users\/1772"}],"replies":[{"embeddable":true,"href":"https:\/\/linitiative.ca\/International\/wp-json\/wp\/v2\/comments?post=125026"}],"version-history":[{"count":0,"href":"https:\/\/linitiative.ca\/International\/wp-json\/wp\/v2\/posts\/125026\/revisions"}],"wp:attachment":[{"href":"https:\/\/linitiative.ca\/International\/wp-json\/wp\/v2\/media?parent=125026"}],"wp:term":[{"taxonomy":"category","embeddable":true,"href":"https:\/\/linitiative.ca\/International\/wp-json\/wp\/v2\/categories?post=125026"},{"taxonomy":"post_tag","embeddable":true,"href":"https:\/\/linitiative.ca\/International\/wp-json\/wp\/v2\/tags?post=125026"}],"curies":[{"name":"wp","href":"https:\/\/api.w.org\/{rel}","templated":true}]}}