{"id":125028,"date":"2021-08-24T04:47:00","date_gmt":"2021-08-24T08:47:00","guid":{"rendered":"https:\/\/linitiative.ca\/International\/aux-origines-de-la-nahda-lexpedition-degypte-1798-1801-ii-rattraper-le-retard\/"},"modified":"2021-08-24T04:47:00","modified_gmt":"2021-08-24T08:47:00","slug":"aux-origines-de-la-nahda-lexpedition-degypte-1798-1801-ii-rattraper-le-retard","status":"publish","type":"post","link":"https:\/\/linitiative.ca\/International\/aux-origines-de-la-nahda-lexpedition-degypte-1798-1801-ii-rattraper-le-retard\/","title":{"rendered":"Aux origines de la Nahda &#8211; L\u2019Exp\u00e9dition d\u2019\u00c9gypte (1798-1801) &#8211; II: Rattraper le retard\u2026"},"content":{"rendered":"<div><img decoding=\"async\" src=\"https:\/\/linitiative.ca\/International\/wp-content\/uploads\/sites\/23\/2021\/08\/1629796116_article.jpg\" alt=\"Aux origines de la Nahda - L\u2019Exp\u00e9dition d\u2019\u00c9gypte (1798-1801) - II: Rattraper le retard\u2026\" align=\"left\">Par Abdelaziz Kacem &#8211; Toute l\u2019arm\u00e9e fran\u00e7aise, du plus haut grad\u00e9 au troufion, tout au long de la travers\u00e9e, avait fantasm\u00e9 sur la prestigieuse Alexandrie. Sur place, le polytechnicien Prosper Jallois n\u2019a vu que \u00abde vieilles masures tombant en ruine, des murs pos\u00e9s irr\u00e9guli\u00e8rement, des rues \u00e9troites, des bazars o\u00f9 l\u2019air ne circule point\u00bb (Journal d\u2019un ing\u00e9nieur attach\u00e9 \u00e0 l\u2019exp\u00e9dition d\u2019\u00c9gypte, Paris, P. Lef\u00e8vre-Pontalis, 1904, p. 39). Rien de surprenant, en v\u00e9rit\u00e9.<br \/>\nLes membres de l\u2019Exp\u00e9dition avaient bien lu un livre \u00e9clairant \u00e0 ce sujet, que fit para\u00eetre, une quinzaine d\u2019ann\u00e9es auparavant, un pr\u00e9curseur de l\u2019\u00e9gyptologie, doubl\u00e9 d\u2019un &#8230;<\/p>\n<\/div>\n<p>Auteur:<br \/>\n<a href=\"https:\/\/www.leaders.com.tn\/article\/32327-aux-origines-de-la-nahda-l-expedition-d-egypte-1798-1801-ii-rattraper-le-retard\">Cliquez ici pour lire l&rsquo;article depuis sa source.<\/a><\/p>\n","protected":false},"excerpt":{"rendered":"<p>Par Abdelaziz Kacem &#8211; Toute l\u2019arm\u00e9e fran\u00e7aise, du plus haut grad\u00e9 au troufion, tout au long de la travers\u00e9e, avait fantasm\u00e9 sur la prestigieuse Alexandrie. Sur place, le polytechnicien Prosper Jallois n\u2019a vu que \u00abde vieilles masures tombant en ruine, des murs pos\u00e9s irr\u00e9guli\u00e8rement, des rues \u00e9troites, des bazars o\u00f9 l\u2019air ne circule point\u00bb (Journal [&hellip;]<\/p>\n","protected":false},"author":1772,"featured_media":0,"comment_status":"closed","ping_status":"closed","sticky":false,"template":"","format":"standard","meta":{"fifu_image_url":"http:\/\/www.leaders.com.tn\/uploads\/content\/thumbnails_small\/1629796116_article.jpg","fifu_image_alt":"Aux origines de la Nahda - L\u2019Exp\u00e9dition d\u2019\u00c9gypte (1798-1801) - II: Rattraper le retard\u2026","footnotes":""},"categories":[73,55],"tags":[],"class_list":["post-125028","post","type-post","status-publish","format-standard","hentry","category-actualite","category-tunisie"],"_links":{"self":[{"href":"https:\/\/linitiative.ca\/International\/wp-json\/wp\/v2\/posts\/125028","targetHints":{"allow":["GET"]}}],"collection":[{"href":"https:\/\/linitiative.ca\/International\/wp-json\/wp\/v2\/posts"}],"about":[{"href":"https:\/\/linitiative.ca\/International\/wp-json\/wp\/v2\/types\/post"}],"author":[{"embeddable":true,"href":"https:\/\/linitiative.ca\/International\/wp-json\/wp\/v2\/users\/1772"}],"replies":[{"embeddable":true,"href":"https:\/\/linitiative.ca\/International\/wp-json\/wp\/v2\/comments?post=125028"}],"version-history":[{"count":0,"href":"https:\/\/linitiative.ca\/International\/wp-json\/wp\/v2\/posts\/125028\/revisions"}],"wp:attachment":[{"href":"https:\/\/linitiative.ca\/International\/wp-json\/wp\/v2\/media?parent=125028"}],"wp:term":[{"taxonomy":"category","embeddable":true,"href":"https:\/\/linitiative.ca\/International\/wp-json\/wp\/v2\/categories?post=125028"},{"taxonomy":"post_tag","embeddable":true,"href":"https:\/\/linitiative.ca\/International\/wp-json\/wp\/v2\/tags?post=125028"}],"curies":[{"name":"wp","href":"https:\/\/api.w.org\/{rel}","templated":true}]}}