{"id":125032,"date":"2021-08-24T08:32:00","date_gmt":"2021-08-24T12:32:00","guid":{"rendered":"https:\/\/linitiative.ca\/International\/adel-zouaoui-merci-president-saied\/"},"modified":"2021-08-24T08:32:00","modified_gmt":"2021-08-24T12:32:00","slug":"adel-zouaoui-merci-president-saied","status":"publish","type":"post","link":"https:\/\/linitiative.ca\/International\/adel-zouaoui-merci-president-saied\/","title":{"rendered":"Adel Zouaoui: Merci Pr\u00e9sident Saied"},"content":{"rendered":"<div><img decoding=\"async\" src=\"https:\/\/linitiative.ca\/International\/wp-content\/uploads\/sites\/23\/2021\/08\/1629814105_article.jpg\" alt=\"Merci Monsieur le Pr\u00e9sident\" align=\"left\">Quid du 25 juillet 2021 en Tunisie ? Est-ce un coup d\u2019Etat op\u00e9r\u00e9 par le Pr\u00e9sident Kaies Saied comme certains de nos politiques ou constitutionalistes se plaisent \u00e0 le seriner ? Ou est-ce un coup de balai, donn\u00e9 par le premier responsable du pays, pour nettoyer la salet\u00e9 qui encrasse notre d\u00e9mocratie, fraichement \u00e9moulue ?<br \/>\nVenons-en aux faits. Qu\u2019appelle-t-on un coup d\u2019Etat ? Sur le plan langagier, cette man\u0153uvre politique s\u2019op\u00e8re traditionnellement d\u2019en bas vers le haut, par le truchement d\u2019un renversement militaire. C\u2019est l\u2019image classique qu\u2019on a tous en t\u00eate de ce sc\u00e9nario.<br \/>\nLes exemples sont l\u00e9gion. Chez nous, le 7 novembre 1987 en fut un. C\u2019est la date &#8230;<\/p>\n<\/div>\n<p>Auteur:<br \/>\n<a href=\"https:\/\/www.leaders.com.tn\/article\/32329-merci-monsieur-le-president\">Cliquez ici pour lire l&rsquo;article depuis sa source.<\/a><\/p>\n","protected":false},"excerpt":{"rendered":"<p>Quid du 25 juillet 2021 en Tunisie ? Est-ce un coup d\u2019Etat op\u00e9r\u00e9 par le Pr\u00e9sident Kaies Saied comme certains de nos politiques ou constitutionalistes se plaisent \u00e0 le seriner ? Ou est-ce un coup de balai, donn\u00e9 par le premier responsable du pays, pour nettoyer la salet\u00e9 qui encrasse notre d\u00e9mocratie, fraichement \u00e9moulue ? [&hellip;]<\/p>\n","protected":false},"author":1772,"featured_media":0,"comment_status":"closed","ping_status":"closed","sticky":false,"template":"","format":"standard","meta":{"fifu_image_url":"http:\/\/www.leaders.com.tn\/uploads\/content\/thumbnails_small\/1629814105_article.jpg","fifu_image_alt":"Adel Zouaoui: Merci Pr\u00e9sident Saied","footnotes":""},"categories":[73,55],"tags":[],"class_list":["post-125032","post","type-post","status-publish","format-standard","hentry","category-actualite","category-tunisie"],"_links":{"self":[{"href":"https:\/\/linitiative.ca\/International\/wp-json\/wp\/v2\/posts\/125032","targetHints":{"allow":["GET"]}}],"collection":[{"href":"https:\/\/linitiative.ca\/International\/wp-json\/wp\/v2\/posts"}],"about":[{"href":"https:\/\/linitiative.ca\/International\/wp-json\/wp\/v2\/types\/post"}],"author":[{"embeddable":true,"href":"https:\/\/linitiative.ca\/International\/wp-json\/wp\/v2\/users\/1772"}],"replies":[{"embeddable":true,"href":"https:\/\/linitiative.ca\/International\/wp-json\/wp\/v2\/comments?post=125032"}],"version-history":[{"count":0,"href":"https:\/\/linitiative.ca\/International\/wp-json\/wp\/v2\/posts\/125032\/revisions"}],"wp:attachment":[{"href":"https:\/\/linitiative.ca\/International\/wp-json\/wp\/v2\/media?parent=125032"}],"wp:term":[{"taxonomy":"category","embeddable":true,"href":"https:\/\/linitiative.ca\/International\/wp-json\/wp\/v2\/categories?post=125032"},{"taxonomy":"post_tag","embeddable":true,"href":"https:\/\/linitiative.ca\/International\/wp-json\/wp\/v2\/tags?post=125032"}],"curies":[{"name":"wp","href":"https:\/\/api.w.org\/{rel}","templated":true}]}}